{"id":1191,"date":"2017-11-20T15:47:43","date_gmt":"2017-11-20T14:47:43","guid":{"rendered":"http:\/\/piek-und-fein.de\/?p=1191"},"modified":"2017-11-20T15:47:43","modified_gmt":"2017-11-20T14:47:43","slug":"weihnachtskleid-sew-along-2017","status":"publish","type":"post","link":"http:\/\/piek-und-fein.de\/?p=1191","title":{"rendered":"Weihnachtskleid Sew Along 2017"},"content":{"rendered":"<p>Hallo Ihr Lieben,<\/p>\n<p>diese Woche startet der Weihnachtskleid Sew Along beim MeMadeMittwoch!<\/p>\n<p>&#8222;Wir haben sooooo viele Ideen&#8220;, ist das Motto dieser ersten Runde. Ein Motto, dem ich mich voll anschlie\u00dfen kann.<\/p>\n<h2>R\u00fcckblick: WKSA 2016<\/h2>\n<p>Vielleicht erinnert Ihr Euch an mein Weihnachtskleid aus dem letzten Jahr. Der Schnitt aus der Burdastyle (10\/2016) war recht aufw\u00e4ndig und durch die silbernen Soutache-B\u00e4nder auch sehr weihnachtlich.<\/p>\n<p><a href=\"http:\/\/piek-und-fein.de\/wp-content\/uploads\/2017\/11\/piek-und-fein_wksa2017_1.jpg\"><img loading=\"lazy\" decoding=\"async\" class=\"aligncenter wp-image-1192\" src=\"http:\/\/piek-und-fein.de\/wp-content\/uploads\/2017\/11\/piek-und-fein_wksa2017_1-300x200.jpg\" alt=\"dunkelblaues Weihnachtskleid\" width=\"400\" height=\"267\" srcset=\"http:\/\/piek-und-fein.de\/wp-content\/uploads\/2017\/11\/piek-und-fein_wksa2017_1-300x200.jpg 300w, http:\/\/piek-und-fein.de\/wp-content\/uploads\/2017\/11\/piek-und-fein_wksa2017_1-768x512.jpg 768w, http:\/\/piek-und-fein.de\/wp-content\/uploads\/2017\/11\/piek-und-fein_wksa2017_1-1024x682.jpg 1024w, http:\/\/piek-und-fein.de\/wp-content\/uploads\/2017\/11\/piek-und-fein_wksa2017_1.jpg 1100w\" sizes=\"auto, (max-width: 400px) 100vw, 400px\" \/><\/a>Ich finde das Kleid nach wie vor sehr sch\u00f6n, habe es au\u00dferhalb der Feiertage aber nie getragen. Insofern pr\u00e4feriere ich in diesem Jahr ein Outfit, das ich auch zu anderen Anl\u00e4ssen anziehen kann.<\/p>\n<h2>Kleid, Leggings &amp; Co.<\/h2>\n<p>In meinem Fundus habe ich einige Stoffe gefunden, die f\u00fcr ein weihnachtliches Outfit taugen.<\/p>\n<p><a href=\"http:\/\/piek-und-fein.de\/wp-content\/uploads\/2017\/11\/piek-und-fein_wksa2017_2.jpg\"><img loading=\"lazy\" decoding=\"async\" class=\"aligncenter wp-image-1193\" src=\"http:\/\/piek-und-fein.de\/wp-content\/uploads\/2017\/11\/piek-und-fein_wksa2017_2-300x200.jpg\" alt=\"rote und gemusterte Seide\" width=\"400\" height=\"267\" srcset=\"http:\/\/piek-und-fein.de\/wp-content\/uploads\/2017\/11\/piek-und-fein_wksa2017_2-300x200.jpg 300w, http:\/\/piek-und-fein.de\/wp-content\/uploads\/2017\/11\/piek-und-fein_wksa2017_2-768x512.jpg 768w, http:\/\/piek-und-fein.de\/wp-content\/uploads\/2017\/11\/piek-und-fein_wksa2017_2-1024x682.jpg 1024w, http:\/\/piek-und-fein.de\/wp-content\/uploads\/2017\/11\/piek-und-fein_wksa2017_2.jpg 1100w\" sizes=\"auto, (max-width: 400px) 100vw, 400px\" \/><\/a>Diese beiden Seidenstoffe habe ich letztes Jahr in London gekauft und dabei eine <strong>Bluse<\/strong> im Hinterkopf gehabt. Auf ein Schnittmuster habe ich mich noch nicht festgelegt &#8211; vielleicht hat jemand von Euch eine Idee &#8230;<\/p>\n<p>Aus der Kombi eines schwarz-grau gestreiften Strickstoffs und eines silberfarbenen Jerseys kann ich mir einen <strong>Oversized<\/strong>&#8211;<strong>Pulli mit Leggings<\/strong> vorstellen. Beide Stoffe habe ich k\u00fcrzlich beim holl\u00e4ndischen Stoffmarkt gefunden.<\/p>\n<p><a href=\"http:\/\/piek-und-fein.de\/wp-content\/uploads\/2017\/11\/piek-und-fein_wksa2017_5.jpg\"><img loading=\"lazy\" decoding=\"async\" class=\"aligncenter wp-image-1194\" src=\"http:\/\/piek-und-fein.de\/wp-content\/uploads\/2017\/11\/piek-und-fein_wksa2017_5-300x225.jpg\" alt=\"Strickstoff und silberner Jersey\" width=\"400\" height=\"300\" srcset=\"http:\/\/piek-und-fein.de\/wp-content\/uploads\/2017\/11\/piek-und-fein_wksa2017_5-300x225.jpg 300w, http:\/\/piek-und-fein.de\/wp-content\/uploads\/2017\/11\/piek-und-fein_wksa2017_5-768x576.jpg 768w, http:\/\/piek-und-fein.de\/wp-content\/uploads\/2017\/11\/piek-und-fein_wksa2017_5-1024x768.jpg 1024w, http:\/\/piek-und-fein.de\/wp-content\/uploads\/2017\/11\/piek-und-fein_wksa2017_5.jpg 1100w\" sizes=\"auto, (max-width: 400px) 100vw, 400px\" \/><\/a><\/p>\n<p>Ideen f\u00fcr ein <strong>Weihnachtskleid<\/strong> habe ich nat\u00fcrlich auch! In der Fashion Style Ausgabe 10\/2017 sind einige Kleidermodelle, die zu diesem blauen Waschleder (Wallys Stofftruhe, Billerbeck) passen k\u00f6nnten. Eventuell verarbeite ich eine passende Spitze, mal sehen&#8230;<\/p>\n<p><a href=\"http:\/\/piek-und-fein.de\/wp-content\/uploads\/2017\/11\/piek-und-fein_wksa2017_3.jpg\"><img loading=\"lazy\" decoding=\"async\" class=\"aligncenter wp-image-1195\" src=\"http:\/\/piek-und-fein.de\/wp-content\/uploads\/2017\/11\/piek-und-fein_wksa2017_3-300x200.jpg\" alt=\"blaues Waschleder mit Spitze\" width=\"400\" height=\"267\" srcset=\"http:\/\/piek-und-fein.de\/wp-content\/uploads\/2017\/11\/piek-und-fein_wksa2017_3-300x200.jpg 300w, http:\/\/piek-und-fein.de\/wp-content\/uploads\/2017\/11\/piek-und-fein_wksa2017_3-768x512.jpg 768w, http:\/\/piek-und-fein.de\/wp-content\/uploads\/2017\/11\/piek-und-fein_wksa2017_3-1024x682.jpg 1024w, http:\/\/piek-und-fein.de\/wp-content\/uploads\/2017\/11\/piek-und-fein_wksa2017_3.jpg 1100w\" sizes=\"auto, (max-width: 400px) 100vw, 400px\" \/><\/a><\/p>\n<p>N\u00e4chste Woche bin ich dann hoffentlich weiter mit meinen Ideen.<\/p>\n<p><strong>Erst mal viele Gr\u00fc\u00dfe und ein gro\u00dfes Dankesch\u00f6n an das wunderbare MeMadeMittwoch-Team!<\/strong><\/p>\n<p><strong>Eure Julia<\/strong><\/p>\n<p>&nbsp;<\/p>\n<p>Links: <a href=\"https:\/\/memademittwoch.blogspot.de\/\" target=\"_blank\" rel=\"noopener\">MeMadeMittwoch<\/a><\/p>\n","protected":false},"excerpt":{"rendered":"<p>Hallo Ihr Lieben, diese Woche startet der Weihnachtskleid Sew Along beim MeMadeMittwoch! &#8222;Wir haben sooooo viele Ideen&#8220;, ist das Motto dieser ersten Runde. Ein Motto,&#8230;<\/p>\n<div class=\"more-link-wrapper\"><a class=\"more-link\" href=\"http:\/\/piek-und-fein.de\/?p=1191\">Weiterlesen<span class=\"screen-reader-text\">Weihnachtskleid Sew Along 2017<\/span><\/a><\/div>\n","protected":false},"author":1,"featured_media":1196,"comment_status":"open","ping_status":"open","sticky":false,"template":"","format":"standard","meta":{"footnotes":""},"categories":[1],"tags":[40,213,7,33,20,74,218,92,232],"class_list":["post-1191","post","type-post","status-publish","format-standard","has-post-thumbnail","hentry","category-uncategorized","tag-burdastyle","tag-fashion-style","tag-naehen","tag-schnittmuster","tag-seide","tag-sew-along","tag-waschleder","tag-weihnachtskleid","tag-wksa","entry"],"_links":{"self":[{"href":"http:\/\/piek-und-fein.de\/index.php?rest_route=\/wp\/v2\/posts\/1191","targetHints":{"allow":["GET"]}}],"collection":[{"href":"http:\/\/piek-und-fein.de\/index.php?rest_route=\/wp\/v2\/posts"}],"about":[{"href":"http:\/\/piek-und-fein.de\/index.php?rest_route=\/wp\/v2\/types\/post"}],"author":[{"embeddable":true,"href":"http:\/\/piek-und-fein.de\/index.php?rest_route=\/wp\/v2\/users\/1"}],"replies":[{"embeddable":true,"href":"http:\/\/piek-und-fein.de\/index.php?rest_route=%2Fwp%2Fv2%2Fcomments&post=1191"}],"version-history":[{"count":3,"href":"http:\/\/piek-und-fein.de\/index.php?rest_route=\/wp\/v2\/posts\/1191\/revisions"}],"predecessor-version":[{"id":1199,"href":"http:\/\/piek-und-fein.de\/index.php?rest_route=\/wp\/v2\/posts\/1191\/revisions\/1199"}],"wp:featuredmedia":[{"embeddable":true,"href":"http:\/\/piek-und-fein.de\/index.php?rest_route=\/wp\/v2\/media\/1196"}],"wp:attachment":[{"href":"http:\/\/piek-und-fein.de\/index.php?rest_route=%2Fwp%2Fv2%2Fmedia&parent=1191"}],"wp:term":[{"taxonomy":"category","embeddable":true,"href":"http:\/\/piek-und-fein.de\/index.php?rest_route=%2Fwp%2Fv2%2Fcategories&post=1191"},{"taxonomy":"post_tag","embeddable":true,"href":"http:\/\/piek-und-fein.de\/index.php?rest_route=%2Fwp%2Fv2%2Ftags&post=1191"}],"curies":[{"name":"wp","href":"https:\/\/api.w.org\/{rel}","templated":true}]}}