{"id":1300,"date":"2018-01-25T06:32:09","date_gmt":"2018-01-25T05:32:09","guid":{"rendered":"http:\/\/piek-und-fein.de\/?p=1300"},"modified":"2018-01-25T06:32:09","modified_gmt":"2018-01-25T05:32:09","slug":"steppjacke-inari","status":"publish","type":"post","link":"http:\/\/piek-und-fein.de\/?p=1300","title":{"rendered":"Steppjacke Inari"},"content":{"rendered":"<p>Diese Woche zeige ich Euch auf dem piek &amp; fein-Blog eine schmal geschnittene, kurze <strong>Steppjacke<\/strong>. F\u00fcr mich war das eine neue N\u00e4herfahrung, weil ich zum ersten Mal einen wattierten Steppstoff verarbeitet habe. Auch in anderer Hinsicht war dieses N\u00e4hprojekt eine Premiere: ich durfte das Jacken-Schnittmuster &#8222;<strong>Inari<\/strong>&#8220;\u00a0 (von <a href=\"http:\/\/www.schnittquelle.de\/de\/ebooks-schnittmuster-zum-downloaden\/ebook-schnittmuster-jacken-maentel\/ebook-jacke-inari.html\" target=\"_blank\" rel=\"noopener\">Schnittquelle<\/a>) als eBook testen &#8211; bisher war es nur als Papierschnitt erh\u00e4ltlich.<\/p>\n<p><a href=\"http:\/\/piek-und-fein.de\/wp-content\/uploads\/2018\/01\/piek-und-fein-Jacke-Inari-4.jpg\"><img loading=\"lazy\" decoding=\"async\" class=\"aligncenter wp-image-1303\" src=\"http:\/\/piek-und-fein.de\/wp-content\/uploads\/2018\/01\/piek-und-fein-Jacke-Inari-4-300x268.jpg\" alt=\"Jacke Inari aus Steppstoff\" width=\"500\" height=\"447\" srcset=\"http:\/\/piek-und-fein.de\/wp-content\/uploads\/2018\/01\/piek-und-fein-Jacke-Inari-4-300x268.jpg 300w, http:\/\/piek-und-fein.de\/wp-content\/uploads\/2018\/01\/piek-und-fein-Jacke-Inari-4-768x687.jpg 768w, http:\/\/piek-und-fein.de\/wp-content\/uploads\/2018\/01\/piek-und-fein-Jacke-Inari-4-1024x916.jpg 1024w\" sizes=\"auto, (max-width: 500px) 100vw, 500px\" \/><\/a><\/p>\n<h2>Stecknadel-Versteck<\/h2>\n<p>F\u00fcr die Jacke werden Webstoffe oder Walkloden empfohlen. Wie Ihr seht, funktioniert der Schnitt aber auch als Steppjacke. Wegen der Watteschicht auf der linken Stoffseite musste ich die Jacke allerdings komplett f\u00fcttern.<\/p>\n<p><a href=\"http:\/\/piek-und-fein.de\/wp-content\/uploads\/2018\/01\/piek-und-fein-Jacke-Inari-5.jpg\"><img loading=\"lazy\" decoding=\"async\" class=\"aligncenter wp-image-1309\" src=\"http:\/\/piek-und-fein.de\/wp-content\/uploads\/2018\/01\/piek-und-fein-Jacke-Inari-5-300x225.jpg\" alt=\"dunkelblauer wattierter Steppstoff\" width=\"500\" height=\"375\" srcset=\"http:\/\/piek-und-fein.de\/wp-content\/uploads\/2018\/01\/piek-und-fein-Jacke-Inari-5-300x225.jpg 300w, http:\/\/piek-und-fein.de\/wp-content\/uploads\/2018\/01\/piek-und-fein-Jacke-Inari-5-768x576.jpg 768w, http:\/\/piek-und-fein.de\/wp-content\/uploads\/2018\/01\/piek-und-fein-Jacke-Inari-5.jpg 1000w\" sizes=\"auto, (max-width: 500px) 100vw, 500px\" \/><\/a><\/p>\n<p>Offen gesagt war die Verarbeitung des wattierten Stoffes nicht sehr angenehm. Die H\u00e4nde f\u00fchlen sich an wie Schmirgelpapier und dauernd verstecken sich die pieksigen Stecknadeln in der flauschigen Watte. Hier war also vor dem Einn\u00e4hen des Futters eine gr\u00fcndliche Suche erforderlich &#8230; Diese &#8222;Unannehmlichkeiten&#8220; sind aber l\u00e4ngst vergessen, denn die Jacke tr\u00e4gt sich wunderbar! Der Stoff ist warm und mollig und trotzdem ferderleicht.<\/p>\n<p><a href=\"http:\/\/piek-und-fein.de\/wp-content\/uploads\/2018\/01\/piek-und-fein-Jacke-Inari-1.jpg\"><img loading=\"lazy\" decoding=\"async\" class=\"aligncenter wp-image-1304\" src=\"http:\/\/piek-und-fein.de\/wp-content\/uploads\/2018\/01\/piek-und-fein-Jacke-Inari-1-292x300.jpg\" alt=\"asymmetrische Steppjacke\" width=\"500\" height=\"514\" srcset=\"http:\/\/piek-und-fein.de\/wp-content\/uploads\/2018\/01\/piek-und-fein-Jacke-Inari-1-292x300.jpg 292w, http:\/\/piek-und-fein.de\/wp-content\/uploads\/2018\/01\/piek-und-fein-Jacke-Inari-1-768x789.jpg 768w, http:\/\/piek-und-fein.de\/wp-content\/uploads\/2018\/01\/piek-und-fein-Jacke-Inari-1.jpg 973w\" sizes=\"auto, (max-width: 500px) 100vw, 500px\" \/><\/a><\/p>\n<h2>Schnittdetails<\/h2>\n<p>Anders als die meisten Kaufjacken hat diese diy-Variante eine <strong>asymmetrische Schnittf\u00fchrung.<\/strong> Die Jacke ist wird mit einem schr\u00e4g aufgesetzten, teilbaren Rei\u00dfverschluss geschlossen. Dabei wird der <strong>Rei\u00dfverschluss<\/strong> zur rechten Seite zwischen Vorderteil und Beleg eingefasst, so dass nur die Z\u00e4hnchen sichtbar sind. Das Gegenst\u00fcck wird direkt auf dem Vorderteil aufgen\u00e4ht. Da mir der Rei\u00dfverschluss von der Optik her etwas zu dominant war, habe ich ihn vor dem Aufn\u00e4hen zur H\u00e4lfte eingeklappt und somit schmaler gemacht.<\/p>\n<p>Sehr praktisch finde ich den <strong>angeschnittenen Kragen<\/strong>, der einen Schal \u00fcberfl\u00fcssig macht, sowie die <strong>Eingriffstaschen<\/strong> in den vorderen Abn\u00e4hern.<\/p>\n<p><a href=\"http:\/\/piek-und-fein.de\/wp-content\/uploads\/2018\/01\/piek-und-fein-Jacke-Inari-2.jpg\"><img loading=\"lazy\" decoding=\"async\" class=\"aligncenter wp-image-1306\" src=\"http:\/\/piek-und-fein.de\/wp-content\/uploads\/2018\/01\/piek-und-fein-Jacke-Inari-2-270x300.jpg\" alt=\"Seitenansicht Jacke Inari\" width=\"500\" height=\"555\" srcset=\"http:\/\/piek-und-fein.de\/wp-content\/uploads\/2018\/01\/piek-und-fein-Jacke-Inari-2-270x300.jpg 270w, http:\/\/piek-und-fein.de\/wp-content\/uploads\/2018\/01\/piek-und-fein-Jacke-Inari-2-768x852.jpg 768w, http:\/\/piek-und-fein.de\/wp-content\/uploads\/2018\/01\/piek-und-fein-Jacke-Inari-2.jpg 901w\" sizes=\"auto, (max-width: 500px) 100vw, 500px\" \/><\/a><\/p>\n<h2>Figurnahe Passform<\/h2>\n<p>Insgesamt ist die Jacke sehr schmal geschnitten. Insbesondere im Bereich der \u00c4rmel- und Oberbrustweite solltet Ihr nachmessen, ob die Weite reicht. Da die Wattierung meines Stoffes ordentlich Platz beansprucht, habe ich die Jacke eine Nummer gr\u00f6\u00dfer gen\u00e4ht als sonst.<\/p>\n<p><a href=\"http:\/\/piek-und-fein.de\/wp-content\/uploads\/2018\/01\/piek-und-fein-Jacke-Inari-3.jpg\"><img loading=\"lazy\" decoding=\"async\" class=\"aligncenter wp-image-1305\" src=\"http:\/\/piek-und-fein.de\/wp-content\/uploads\/2018\/01\/piek-und-fein-Jacke-Inari-3-288x300.jpg\" alt=\"r\u00fcckw\u00e4rtige Ansicht der Jacke Inari\" width=\"500\" height=\"521\" srcset=\"http:\/\/piek-und-fein.de\/wp-content\/uploads\/2018\/01\/piek-und-fein-Jacke-Inari-3-288x300.jpg 288w, http:\/\/piek-und-fein.de\/wp-content\/uploads\/2018\/01\/piek-und-fein-Jacke-Inari-3-768x801.jpg 768w, http:\/\/piek-und-fein.de\/wp-content\/uploads\/2018\/01\/piek-und-fein-Jacke-Inari-3.jpg 959w\" sizes=\"auto, (max-width: 500px) 100vw, 500px\" \/><\/a><\/p>\n<p><strong>Fazit:<\/strong> &#8222;Inari&#8220; ist f\u00fcr mich eine sehr alltagstaugliche Jacke, in die man schnell hineinschl\u00fcpfen kann. Aufgrund der Schnittf\u00fchrung handelt es\u00a0 sich um eine Jacke, die man eher geschlossen als offen tr\u00e4gt. Die Verarbeitung ist mit etwas N\u00e4herfahrung nicht schwer. Ich muss allerdings zugeben, dass ich in punkto Jacken- und Mantelverarbeitung gerade sehr in \u00dcbung bin. Als n\u00e4chstes steht die Caban Jacke (le 103) von <a href=\"https:\/\/dpstudio-fashion.com\/en\/sewing-patterns\/330-le-103a-and-b-asymmetric-double-breasted-pea-coat.html\" target=\"_blank\" rel=\"noopener\">dp Studio Fashion<\/a> auf dem Programm!<\/p>\n<p><strong>Herzliche Gr\u00fc\u00dfe<\/strong><\/p>\n<p><strong>Eure Julia<\/strong><\/p>\n<p>&nbsp;<\/p>\n<p>Links: <a href=\"https:\/\/www.muensterblogs.de\/\" target=\"_blank\" rel=\"noopener\">M\u00fcnsterblogs<\/a>, <a href=\"http:\/\/rundumsweib.blogspot.de\/\" target=\"_blank\" rel=\"noopener\">Rund ums Weib<\/a><\/p>\n<p>&nbsp;<\/p>\n<p>&nbsp;<\/p>\n","protected":false},"excerpt":{"rendered":"<p>Diese Woche zeige ich Euch auf dem piek &amp; fein-Blog eine schmal geschnittene, kurze Steppjacke. F\u00fcr mich war das eine neue N\u00e4herfahrung, weil ich zum&#8230;<\/p>\n<div class=\"more-link-wrapper\"><a class=\"more-link\" href=\"http:\/\/piek-und-fein.de\/?p=1300\">Weiterlesen<span class=\"screen-reader-text\">Steppjacke Inari<\/span><\/a><\/div>\n","protected":false},"author":1,"featured_media":1304,"comment_status":"open","ping_status":"open","sticky":false,"template":"","format":"standard","meta":{"footnotes":""},"categories":[1],"tags":[261,251,7,114,102,260,262,263,146],"class_list":["post-1300","post","type-post","status-publish","format-standard","has-post-thumbnail","hentry","category-uncategorized","tag-ebook","tag-jacke","tag-naehen","tag-reissverschluss","tag-schnittquelle","tag-steppjacke","tag-steppstoff","tag-walkloden","tag-webstoff","entry"],"_links":{"self":[{"href":"http:\/\/piek-und-fein.de\/index.php?rest_route=\/wp\/v2\/posts\/1300","targetHints":{"allow":["GET"]}}],"collection":[{"href":"http:\/\/piek-und-fein.de\/index.php?rest_route=\/wp\/v2\/posts"}],"about":[{"href":"http:\/\/piek-und-fein.de\/index.php?rest_route=\/wp\/v2\/types\/post"}],"author":[{"embeddable":true,"href":"http:\/\/piek-und-fein.de\/index.php?rest_route=\/wp\/v2\/users\/1"}],"replies":[{"embeddable":true,"href":"http:\/\/piek-und-fein.de\/index.php?rest_route=%2Fwp%2Fv2%2Fcomments&post=1300"}],"version-history":[{"count":5,"href":"http:\/\/piek-und-fein.de\/index.php?rest_route=\/wp\/v2\/posts\/1300\/revisions"}],"predecessor-version":[{"id":1310,"href":"http:\/\/piek-und-fein.de\/index.php?rest_route=\/wp\/v2\/posts\/1300\/revisions\/1310"}],"wp:featuredmedia":[{"embeddable":true,"href":"http:\/\/piek-und-fein.de\/index.php?rest_route=\/wp\/v2\/media\/1304"}],"wp:attachment":[{"href":"http:\/\/piek-und-fein.de\/index.php?rest_route=%2Fwp%2Fv2%2Fmedia&parent=1300"}],"wp:term":[{"taxonomy":"category","embeddable":true,"href":"http:\/\/piek-und-fein.de\/index.php?rest_route=%2Fwp%2Fv2%2Fcategories&post=1300"},{"taxonomy":"post_tag","embeddable":true,"href":"http:\/\/piek-und-fein.de\/index.php?rest_route=%2Fwp%2Fv2%2Ftags&post=1300"}],"curies":[{"name":"wp","href":"https:\/\/api.w.org\/{rel}","templated":true}]}}