{"id":1312,"date":"2018-02-07T06:55:08","date_gmt":"2018-02-07T05:55:08","guid":{"rendered":"http:\/\/piek-und-fein.de\/?p=1312"},"modified":"2018-02-07T12:18:47","modified_gmt":"2018-02-07T11:18:47","slug":"dp-studio-cabanjacke-le-103","status":"publish","type":"post","link":"http:\/\/piek-und-fein.de\/?p=1312","title":{"rendered":"DP Studio: Cabanjacke &#8222;le 103&#8220;"},"content":{"rendered":"<p>Aus der grandiosen Schnittmusterkollektion von <a href=\"https:\/\/dpstudio-fashion.com\/en\/\" target=\"_blank\" rel=\"noopener\">DP Studio Fashion<\/a> habe ich die asymmetrische Cabanjacke &#8222;Le 103&#8220; gen\u00e4ht. Die Zutaten: ein schlammfarbener Wollstoff, dunkelblaues Futter in Camouflage-Optik, blauschwarze Kn\u00f6pfe und nat\u00fcrlich das Schnittmuster.<\/p>\n<p><a href=\"http:\/\/piek-und-fein.de\/wp-content\/uploads\/2018\/01\/piek-und-fein_N\u00e4hideen-2018_5.jpg\"><img loading=\"lazy\" decoding=\"async\" class=\"aligncenter wp-image-1296\" src=\"http:\/\/piek-und-fein.de\/wp-content\/uploads\/2018\/01\/piek-und-fein_N\u00e4hideen-2018_5-300x200.jpg\" alt=\"N\u00e4hideen 2018\" width=\"500\" height=\"333\" srcset=\"http:\/\/piek-und-fein.de\/wp-content\/uploads\/2018\/01\/piek-und-fein_N\u00e4hideen-2018_5-300x200.jpg 300w, http:\/\/piek-und-fein.de\/wp-content\/uploads\/2018\/01\/piek-und-fein_N\u00e4hideen-2018_5-768x511.jpg 768w, http:\/\/piek-und-fein.de\/wp-content\/uploads\/2018\/01\/piek-und-fein_N\u00e4hideen-2018_5.jpg 1000w\" sizes=\"auto, (max-width: 500px) 100vw, 500px\" \/><\/a><a href=\"http:\/\/piek-und-fein.de\/wp-content\/uploads\/2018\/02\/piek-und-fein_dpfashionstudio_le103b_6.jpg\"><img loading=\"lazy\" decoding=\"async\" class=\"aligncenter wp-image-1315\" src=\"http:\/\/piek-und-fein.de\/wp-content\/uploads\/2018\/02\/piek-und-fein_dpfashionstudio_le103b_6-300x200.jpg\" alt=\"Cabanjacke von DP Studio Fashion\" width=\"500\" height=\"333\" srcset=\"http:\/\/piek-und-fein.de\/wp-content\/uploads\/2018\/02\/piek-und-fein_dpfashionstudio_le103b_6-300x200.jpg 300w, http:\/\/piek-und-fein.de\/wp-content\/uploads\/2018\/02\/piek-und-fein_dpfashionstudio_le103b_6-768x511.jpg 768w, http:\/\/piek-und-fein.de\/wp-content\/uploads\/2018\/02\/piek-und-fein_dpfashionstudio_le103b_6.jpg 1000w\" sizes=\"auto, (max-width: 500px) 100vw, 500px\" \/><\/a><\/p>\n<h2>Schnittmuster deluxe<\/h2>\n<p>Das <strong>Papierschnittmuster<\/strong> bekommst Du aus Frankreich in einem dekorativen Karton zugeschickt. Um dieses &#8222;Kunstwerk&#8220; nicht zu zerst\u00f6ren, habe ich die Schnittmusterteile zur weiteren Verwendung auf Folie kopiert. Was diese Arbeit erleichtert: Alle Teile sind auf dem Bogen \u00fcbersichtlich nebeneinander gedruckt und sogar f\u00fcr den Zuschnitt des Futters gibt es eigene Vorlagen.<\/p>\n<p>Die Jacke (in der von mir gen\u00e4hten, l\u00e4ngeren Version b) besteht aus 21 Schnittmusterteilen und braucht allein deshalb Zeit zum N\u00e4hen. Dabei hilft aber eine bebilderte N\u00e4hanleitung.<\/p>\n<p><a href=\"http:\/\/piek-und-fein.de\/wp-content\/uploads\/2018\/02\/piek-und-fein_dpfashionstudio_le103b_5.jpg\"><img loading=\"lazy\" decoding=\"async\" class=\"aligncenter wp-image-1324\" src=\"http:\/\/piek-und-fein.de\/wp-content\/uploads\/2018\/02\/piek-und-fein_dpfashionstudio_le103b_5-296x300.jpg\" alt=\"Le103 Cabanjacke vo DP Studio Fashion\" width=\"500\" height=\"507\" srcset=\"http:\/\/piek-und-fein.de\/wp-content\/uploads\/2018\/02\/piek-und-fein_dpfashionstudio_le103b_5-296x300.jpg 296w, http:\/\/piek-und-fein.de\/wp-content\/uploads\/2018\/02\/piek-und-fein_dpfashionstudio_le103b_5-768x780.jpg 768w, http:\/\/piek-und-fein.de\/wp-content\/uploads\/2018\/02\/piek-und-fein_dpfashionstudio_le103b_5.jpg 1000w\" sizes=\"auto, (max-width: 500px) 100vw, 500px\" \/><\/a><\/p>\n<h2>Jacke zuschneiden<\/h2>\n<p>Beim Zuschneiden der vielen Teile fand ich es ganz n\u00fctzlich, dass die <strong>Nahtzuabe<\/strong> bereits <strong>enthalten<\/strong> ist. Das erspart die Markierungen mit Kreide, was bei so vielen Schnittmusterteilen ebenfalls zeitaufw\u00e4ndig w\u00e4re.<\/p>\n<p>Zus\u00e4tzlich zu Futter und Stoff m\u00fcssen auch etliche Teile aus <strong>Vliseline<\/strong> zugeschnitten werden. Nicht nur Kragen und Belege, sondern das komplette Vorder- und R\u00fcckenteil, die beiden Seitenteile und Teile des \u00c4rmels werden beklebt. Ihr k\u00f6nnt Euch vorstellen, dass ich f\u00fcr die Presse im N\u00e4hkurs sehr dankbar war. Hiermit konnte ich gr\u00f6\u00dfere Vliseline-St\u00fccke gleichm\u00e4\u00dfig auf den Stoff kleben.<\/p>\n<p><a href=\"http:\/\/piek-und-fein.de\/wp-content\/uploads\/2018\/02\/piek-und-fein_dpfashionstudio_le103b_9.jpg\"><img loading=\"lazy\" decoding=\"async\" class=\"aligncenter wp-image-1322\" src=\"http:\/\/piek-und-fein.de\/wp-content\/uploads\/2018\/02\/piek-und-fein_dpfashionstudio_le103b_9-300x225.jpg\" alt=\"Presse zum Aufkleben der Vliseline\" width=\"500\" height=\"375\" srcset=\"http:\/\/piek-und-fein.de\/wp-content\/uploads\/2018\/02\/piek-und-fein_dpfashionstudio_le103b_9-300x225.jpg 300w, http:\/\/piek-und-fein.de\/wp-content\/uploads\/2018\/02\/piek-und-fein_dpfashionstudio_le103b_9-768x576.jpg 768w, http:\/\/piek-und-fein.de\/wp-content\/uploads\/2018\/02\/piek-und-fein_dpfashionstudio_le103b_9.jpg 1000w\" sizes=\"auto, (max-width: 500px) 100vw, 500px\" \/><\/a><\/p>\n<h2>Vorderteil gen\u00e4ht &#8211; Jacke fast fertig &#8230;<\/h2>\n<p>Dar\u00fcber hinaus war das \u00fcbergeklappte Vorderteil am aufw\u00e4ndigsten in der Verarbeitung. Zuerst habe ich die <strong>Leistentasche<\/strong> gen\u00e4ht, die erstaunlicherweise auf den Musterfotos von DP Studio Fashion fehlt! Allerdings habe ich sie nur ein Mal zugeschnitten, da man sie auf der anderen Seite ja gar nicht sieht.<\/p>\n<p><a href=\"http:\/\/piek-und-fein.de\/wp-content\/uploads\/2018\/02\/piek-und-fein_dpfashionstudio_le103b_7.jpg\"><img loading=\"lazy\" decoding=\"async\" class=\"aligncenter wp-image-1316\" src=\"http:\/\/piek-und-fein.de\/wp-content\/uploads\/2018\/02\/piek-und-fein_dpfashionstudio_le103b_7-300x200.jpg\" alt=\"N\u00e4hdetail: Paspeltasche\" width=\"500\" height=\"333\" srcset=\"http:\/\/piek-und-fein.de\/wp-content\/uploads\/2018\/02\/piek-und-fein_dpfashionstudio_le103b_7-300x200.jpg 300w, http:\/\/piek-und-fein.de\/wp-content\/uploads\/2018\/02\/piek-und-fein_dpfashionstudio_le103b_7-768x511.jpg 768w, http:\/\/piek-und-fein.de\/wp-content\/uploads\/2018\/02\/piek-und-fein_dpfashionstudio_le103b_7.jpg 1000w\" sizes=\"auto, (max-width: 500px) 100vw, 500px\" \/><\/a><\/p>\n<p>Als n\u00e4chstes habe ich den gro\u00dfen <strong>Abn\u00e4her<\/strong> gesteppt, bevor es an die <strong>Paspelknopfl\u00f6cher<\/strong> ging. Die zehn seitlich angebrachten Kn\u00f6pfe sind f\u00fcr mich der absolute Hingucker dieser Cabanjacke, und deswegen habe ich mich f\u00fcr diese etwas aufw\u00e4ndigere Knopflochverarbeitung entschieden. Bei f\u00fcnf Knopfl\u00f6chern ist die Arbeit ja noch \u00fcberschaubar. Die zweite Knopfreihe wird einfach aufgen\u00e4ht, wenn der gro\u00dfe Beleg auf der Innenseite verst\u00fcrzt ist.<\/p>\n<p><a href=\"http:\/\/piek-und-fein.de\/wp-content\/uploads\/2018\/02\/piek-und-fein_dpfashionstudio_le103b_8.jpg\"><img loading=\"lazy\" decoding=\"async\" class=\"aligncenter wp-image-1323\" src=\"http:\/\/piek-und-fein.de\/wp-content\/uploads\/2018\/02\/piek-und-fein_dpfashionstudio_le103b_8-300x225.jpg\" alt=\"N\u00e4hdetail: Kn\u00f6pfe und Knopfl\u00f6cher\" width=\"500\" height=\"375\" srcset=\"http:\/\/piek-und-fein.de\/wp-content\/uploads\/2018\/02\/piek-und-fein_dpfashionstudio_le103b_8-300x225.jpg 300w, http:\/\/piek-und-fein.de\/wp-content\/uploads\/2018\/02\/piek-und-fein_dpfashionstudio_le103b_8-768x576.jpg 768w, http:\/\/piek-und-fein.de\/wp-content\/uploads\/2018\/02\/piek-und-fein_dpfashionstudio_le103b_8.jpg 1000w\" sizes=\"auto, (max-width: 500px) 100vw, 500px\" \/><\/a><\/p>\n<h2>Kn\u00f6pfe, Kn\u00f6pfe<\/h2>\n<p>Insgesamt brauchst Du f\u00fcr diese Jacke 13 Kn\u00f6pfe: 10 auf der Vorderseite, einen auf der Innenseite des Vorderteils und zwei auf dem <strong>Riegel an der R\u00fcckseite. <\/strong>Der Riegel hat bei mir keine Knopfl\u00f6cher, ich habe die Kn\u00f6pfe einfach aufgen\u00e4ht.<\/p>\n<p>Bei diesem Riegel gab es f\u00fcr mich die einzige Unstimmigkeit des Schnittes, weil das Schnittmusterteil viel gr\u00f6\u00dfer ausf\u00e4llt als auf der Schemazeichnung und den Fotos von DP Studio. Ich habe ihn also auch etwas kleiner zugeschnitten.<\/p>\n<p><a href=\"http:\/\/piek-und-fein.de\/wp-content\/uploads\/2018\/02\/piek-und-fein_dpfashionstudio_le103b_3.jpg\"><img loading=\"lazy\" decoding=\"async\" class=\"aligncenter wp-image-1318\" src=\"http:\/\/piek-und-fein.de\/wp-content\/uploads\/2018\/02\/piek-und-fein_dpfashionstudio_le103b_3-300x264.jpg\" alt=\"N\u00e4hdetail: Riegel auf der R\u00fcckseite\" width=\"500\" height=\"440\" srcset=\"http:\/\/piek-und-fein.de\/wp-content\/uploads\/2018\/02\/piek-und-fein_dpfashionstudio_le103b_3-300x264.jpg 300w, http:\/\/piek-und-fein.de\/wp-content\/uploads\/2018\/02\/piek-und-fein_dpfashionstudio_le103b_3-768x676.jpg 768w, http:\/\/piek-und-fein.de\/wp-content\/uploads\/2018\/02\/piek-und-fein_dpfashionstudio_le103b_3.jpg 1000w\" sizes=\"auto, (max-width: 500px) 100vw, 500px\" \/><\/a><\/p>\n<h2>Schmaler \u00c4rmel<\/h2>\n<p>Falls Ihr die Jacke n\u00e4hen wollt, w\u00fcrde ich empfehlen, die \u00c4rmel etwas weiter zuzuschneiden. Die <strong>Passform<\/strong> der Jacke ist insgesamt eher weit und kastig. An zwei Stellen f\u00e4llt sie aber sehr schmal aus, n\u00e4mlich an den \u00c4rmeln sowie am Halsausschnitt. Da ich zwei schmale Schulterpolster eingen\u00e4ht habe, f\u00e4llt das Armloch bei mir sogar noch etwas kleiner aus. Beim n\u00e4chsten Mal w\u00fcrde ich etwas mehr Weite hinzugeben.<\/p>\n<p>Am <strong>Halsausschnitt<\/strong> liegen die Markierungen der vorderen Mitte bei mir nicht ganz \u00fcbereinander, da ich sonst keine Luft mehr bekommen w\u00fcrde. Normalerweise m\u00fcsste <strong>Kragen<\/strong> auf Kragen sto\u00dfen. Auf den Fotos von DP Fashion Studio sieht das allerdings genauso aus, so dass ich mich nicht daran st\u00f6re. Apropos Kragen: Da mein Stoff relativ dick ist, habe ich den Kragen mit einer Spiegelnaht verarbeitet, damit die ganze Geschichte am Hals nicht zu dick wird.<\/p>\n<p><a href=\"http:\/\/piek-und-fein.de\/wp-content\/uploads\/2018\/02\/piek-und-fein_dpfashionstudio_le103b_1.jpg\"><img loading=\"lazy\" decoding=\"async\" class=\"aligncenter wp-image-1317\" src=\"http:\/\/piek-und-fein.de\/wp-content\/uploads\/2018\/02\/piek-und-fein_dpfashionstudio_le103b_1-300x235.jpg\" alt=\"N\u00e4hdetail: Kn\u00f6pfe und Knopfl\u00f6cher\" width=\"500\" height=\"391\" srcset=\"http:\/\/piek-und-fein.de\/wp-content\/uploads\/2018\/02\/piek-und-fein_dpfashionstudio_le103b_1-300x235.jpg 300w, http:\/\/piek-und-fein.de\/wp-content\/uploads\/2018\/02\/piek-und-fein_dpfashionstudio_le103b_1-768x601.jpg 768w, http:\/\/piek-und-fein.de\/wp-content\/uploads\/2018\/02\/piek-und-fein_dpfashionstudio_le103b_1.jpg 1000w\" sizes=\"auto, (max-width: 500px) 100vw, 500px\" \/><\/a><\/p>\n<p>Die n\u00e4chste Jacke ist \u00fcbrigens schon in Planung! Ich werde aus einem knalligen Wollstoff auch die kurze Version n\u00e4hen.<\/p>\n<h2>Mein Fazit<\/h2>\n<p><strong>Eine tolles und sehr stimmiges Schnittmuster mit ausgefallenem Design! Macht etwas Arbeit, die sich aber lohnt.<br \/>\n<\/strong><\/p>\n<ul>\n<li>Schnitt: DP Fashion Studio &#8222;Le 103b&#8220;<\/li>\n<li>Stoff: Wollstoff (Karstadt, D\u00fcsseldorf)<\/li>\n<li>Futter: Camouflage (Stoffschrottplatz M\u00fcnster)<\/li>\n<li>Kn\u00f6pfe: 13 Kn\u00f6pfe (Cillys N\u00e4hk\u00e4stchen, Senden)<\/li>\n<\/ul>\n<p><strong>Herzliche Gr\u00fc\u00dfe<\/strong><\/p>\n<p><strong>Eure Julia<\/strong><\/p>\n<p>PS: Noch mehr zu entdecken gibt es heute auf dem <a href=\"http:\/\/memademittwoch.blogspot.de\/\" target=\"_blank\" rel=\"noopener\">MeMadeMittwoch<\/a>!<\/p>\n","protected":false},"excerpt":{"rendered":"<p>Aus der grandiosen Schnittmusterkollektion von DP Studio Fashion habe ich die asymmetrische Cabanjacke &#8222;Le 103&#8220; gen\u00e4ht. Die Zutaten: ein schlammfarbener Wollstoff, dunkelblaues Futter in Camouflage-Optik,&#8230;<\/p>\n<div class=\"more-link-wrapper\"><a class=\"more-link\" href=\"http:\/\/piek-und-fein.de\/?p=1312\">Weiterlesen<span class=\"screen-reader-text\">DP Studio: Cabanjacke &#8222;le 103&#8220;<\/span><\/a><\/div>\n","protected":false},"author":1,"featured_media":1313,"comment_status":"open","ping_status":"open","sticky":false,"template":"","format":"standard","meta":{"footnotes":""},"categories":[1],"tags":[266,269,265,251,56,264,67,267,33,268,230],"class_list":["post-1312","post","type-post","status-publish","format-standard","has-post-thumbnail","hentry","category-uncategorized","tag-cabanjacke","tag-couture","tag-dp-fashion-studio","tag-jacke","tag-knoepfe","tag-le103","tag-memademittwoch","tag-paspelkopfloecher","tag-schnittmuster","tag-vliseline","tag-wollstoff","entry"],"_links":{"self":[{"href":"http:\/\/piek-und-fein.de\/index.php?rest_route=\/wp\/v2\/posts\/1312","targetHints":{"allow":["GET"]}}],"collection":[{"href":"http:\/\/piek-und-fein.de\/index.php?rest_route=\/wp\/v2\/posts"}],"about":[{"href":"http:\/\/piek-und-fein.de\/index.php?rest_route=\/wp\/v2\/types\/post"}],"author":[{"embeddable":true,"href":"http:\/\/piek-und-fein.de\/index.php?rest_route=\/wp\/v2\/users\/1"}],"replies":[{"embeddable":true,"href":"http:\/\/piek-und-fein.de\/index.php?rest_route=%2Fwp%2Fv2%2Fcomments&post=1312"}],"version-history":[{"count":7,"href":"http:\/\/piek-und-fein.de\/index.php?rest_route=\/wp\/v2\/posts\/1312\/revisions"}],"predecessor-version":[{"id":1328,"href":"http:\/\/piek-und-fein.de\/index.php?rest_route=\/wp\/v2\/posts\/1312\/revisions\/1328"}],"wp:featuredmedia":[{"embeddable":true,"href":"http:\/\/piek-und-fein.de\/index.php?rest_route=\/wp\/v2\/media\/1313"}],"wp:attachment":[{"href":"http:\/\/piek-und-fein.de\/index.php?rest_route=%2Fwp%2Fv2%2Fmedia&parent=1312"}],"wp:term":[{"taxonomy":"category","embeddable":true,"href":"http:\/\/piek-und-fein.de\/index.php?rest_route=%2Fwp%2Fv2%2Fcategories&post=1312"},{"taxonomy":"post_tag","embeddable":true,"href":"http:\/\/piek-und-fein.de\/index.php?rest_route=%2Fwp%2Fv2%2Ftags&post=1312"}],"curies":[{"name":"wp","href":"https:\/\/api.w.org\/{rel}","templated":true}]}}