{"id":1857,"date":"2019-05-01T07:56:49","date_gmt":"2019-05-01T06:56:49","guid":{"rendered":"http:\/\/piek-und-fein.de\/?p=1857"},"modified":"2019-05-01T07:56:52","modified_gmt":"2019-05-01T06:56:52","slug":"sofa-update-leichte-jacke-burdastyle","status":"publish","type":"post","link":"http:\/\/piek-und-fein.de\/?p=1857","title":{"rendered":"Sofa-Update &#038; leichte Jacke (Burdastyle)"},"content":{"rendered":"\n<p>Heute stelle ich zwei N\u00e4hprojekte vor, die unterschiedlicher kaum sein k\u00f6nnten: ein komplett neu bezogenes <strong>Schlafsofa<\/strong> und eine <strong>Fr\u00fchlingsjacke<\/strong> aus der <strong>Burdastyle (4\/2019)<\/strong>. In beiden F\u00e4llen habe ich mich f\u00fcr die Farbe Altrosa entschieden. <\/p>\n\n\n\n<p>Um die Bez\u00fcge der (urspr\u00fcnglich orangefarbenen) Couch zu n\u00e4hen habe ich fast zwei Wochen gebraucht, die Jacke dagegen war an einem Nachmittag fertig.  <\/p>\n\n\n\n<figure class=\"wp-block-image\"><img loading=\"lazy\" decoding=\"async\" width=\"1024\" height=\"1024\" src=\"http:\/\/piek-und-fein.de\/wp-content\/uploads\/2019\/04\/IMG_4815-1024x1024.jpg\" alt=\"\" class=\"wp-image-1861\" srcset=\"http:\/\/piek-und-fein.de\/wp-content\/uploads\/2019\/04\/IMG_4815-1024x1024.jpg 1024w, http:\/\/piek-und-fein.de\/wp-content\/uploads\/2019\/04\/IMG_4815-150x150.jpg 150w, http:\/\/piek-und-fein.de\/wp-content\/uploads\/2019\/04\/IMG_4815-300x300.jpg 300w, http:\/\/piek-und-fein.de\/wp-content\/uploads\/2019\/04\/IMG_4815-768x768.jpg 768w, http:\/\/piek-und-fein.de\/wp-content\/uploads\/2019\/04\/IMG_4815.jpg 1512w\" sizes=\"auto, (max-width: 1024px) 100vw, 1024px\" \/><\/figure>\n\n\n\n<figure class=\"wp-block-image\"><img loading=\"lazy\" decoding=\"async\" width=\"1000\" height=\"934\" src=\"http:\/\/piek-und-fein.de\/wp-content\/uploads\/2019\/04\/piek-und-fein_Burdastyle_Fr\u00fchlingsjacke_1.jpg\" alt=\"\" class=\"wp-image-1862\" srcset=\"http:\/\/piek-und-fein.de\/wp-content\/uploads\/2019\/04\/piek-und-fein_Burdastyle_Fr\u00fchlingsjacke_1.jpg 1000w, http:\/\/piek-und-fein.de\/wp-content\/uploads\/2019\/04\/piek-und-fein_Burdastyle_Fr\u00fchlingsjacke_1-300x280.jpg 300w, http:\/\/piek-und-fein.de\/wp-content\/uploads\/2019\/04\/piek-und-fein_Burdastyle_Fr\u00fchlingsjacke_1-768x717.jpg 768w\" sizes=\"auto, (max-width: 1000px) 100vw, 1000px\" \/><\/figure>\n\n\n\n<h2 class=\"wp-block-heading\">Burdastyle Fr\u00fchlingsjacke (4\/2019)<\/h2>\n\n\n\n<p>Die kragenlose, rosafarbene Fr\u00fchlingsjacke auf der Titelseite der April-Burda hat mich sofort angesprochen. Ich habe schon einige tolle Ausf\u00fchrungen dieses sch\u00f6nen Schnittes gesehen, zum Beispiel bei Frau_Maerz (Instagram) und auf dem <a rel=\"noreferrer noopener\" aria-label=\"Seelenruhig-Blog (\u00f6ffnet in neuem Tab)\" href=\"https:\/\/seelenruhig.eu\/leichter-anorak\/\" target=\"_blank\">Seelenruhig-Blog<\/a>.   <\/p>\n\n\n\n<p>Meine Jacke aus einem Scuba-Stoff ist ungef\u00fcttert, ansonsten habe ich mich an das Vorbild aus dem Heft (Modell 103 B) gehalten, einschlie\u00dflich des gestreiften Ripsbands und der rosa Druckkn\u00f6pfe.<\/p>\n\n\n\n<figure class=\"wp-block-image\"><img loading=\"lazy\" decoding=\"async\" width=\"1000\" height=\"666\" src=\"http:\/\/piek-und-fein.de\/wp-content\/uploads\/2019\/04\/piek-und-fein_Burdastyle_Fr\u00fchlingsjacke_4.jpg\" alt=\"\" class=\"wp-image-1865\" srcset=\"http:\/\/piek-und-fein.de\/wp-content\/uploads\/2019\/04\/piek-und-fein_Burdastyle_Fr\u00fchlingsjacke_4.jpg 1000w, http:\/\/piek-und-fein.de\/wp-content\/uploads\/2019\/04\/piek-und-fein_Burdastyle_Fr\u00fchlingsjacke_4-300x200.jpg 300w, http:\/\/piek-und-fein.de\/wp-content\/uploads\/2019\/04\/piek-und-fein_Burdastyle_Fr\u00fchlingsjacke_4-768x511.jpg 768w\" sizes=\"auto, (max-width: 1000px) 100vw, 1000px\" \/><\/figure>\n\n\n\n<p>Die Jacke wird im Heft auch noch in einer Boucl\u00e9-Variante gezeigt (Modell 103 A), die v\u00f6llig anders und ein wenig altbacken wirkt. Was ein Stoff doch ausmachen kann! <\/p>\n\n\n\n<figure class=\"wp-block-image\"><img loading=\"lazy\" decoding=\"async\" width=\"1000\" height=\"802\" src=\"http:\/\/piek-und-fein.de\/wp-content\/uploads\/2019\/04\/piek-und-fein_Burdastyle_Fr\u00fchlingsjacke_2.jpg\" alt=\"Burdastyle Jacke mit Druckkn\u00f6pfen\" class=\"wp-image-1863\" srcset=\"http:\/\/piek-und-fein.de\/wp-content\/uploads\/2019\/04\/piek-und-fein_Burdastyle_Fr\u00fchlingsjacke_2.jpg 1000w, http:\/\/piek-und-fein.de\/wp-content\/uploads\/2019\/04\/piek-und-fein_Burdastyle_Fr\u00fchlingsjacke_2-300x241.jpg 300w, http:\/\/piek-und-fein.de\/wp-content\/uploads\/2019\/04\/piek-und-fein_Burdastyle_Fr\u00fchlingsjacke_2-768x616.jpg 768w\" sizes=\"auto, (max-width: 1000px) 100vw, 1000px\" \/><\/figure>\n\n\n\n<h3 class=\"wp-block-heading\">Reichlich Stoff<\/h3>\n\n\n\n<p>A propos Stoff: Als ich den Scuba in einem kleinen Stoffladen bei M\u00fcnster gefunden habe war ich sehr entt\u00e4uscht, weil  nur noch ein Rest auf der Rolle war, n\u00e4mlich 1,50 Meter. Nach einigem Z\u00f6gern habe ich beschlossen, den Stoff trotzdem mitzunehmen und mein Gl\u00fcck zu versuchen. In der Burdastyle wird ein Stoffverbrauch von 2,15 Metern (f\u00fcr die Gr\u00f6\u00dfen 36-40) angegeben. Ihr k\u00f6nnt es Euch wohl schon denken: ich bin mit meinem Stoff genau ausgekommen und wie so oft war der im Heft angegebene Stoffverbrauch seeeeeehr gro\u00dfz\u00fcgig bemessen. Mein Stoff lag mit 150 cm zwar recht breit, aber das erkl\u00e4rt wohl kaum die Differenz von 65 cm. Diese Erfahrung habe ich bei Burda-Schnittmustern schon oft gemacht und nehme im Zweifelsfall die Schnittteile mit zum Stoffkauf.<\/p>\n\n\n\n<h3 class=\"wp-block-heading\">Verarbeitung f\u00fcr Faule<\/h3>\n\n\n\n<p>Bei dieser Fr\u00fchlingsjacke habe ich auf ein Futter verzichtet, weil der Stoff innen sch\u00f6n flauschig ist und ich mir das angenehme Tragegef\u00fchl nicht mit einem Futter zukleistern wollte. Also habe ich die Teile nur zusammengen\u00e4ht und mit der Overlock vers\u00e4ubert. <\/p>\n\n\n\n<p>Da der Schnitt weder Kragen noch Taschen hat, fand ich die Verarbeitung sehr simpel. Burda gibt den Schwierigkeitsgrad 3 an, ich h\u00e4tte eher zwei Punkte gegeben.<\/p>\n\n\n\n<figure class=\"wp-block-image\"><img loading=\"lazy\" decoding=\"async\" width=\"993\" height=\"1024\" src=\"http:\/\/piek-und-fein.de\/wp-content\/uploads\/2019\/04\/piek-und-fein_Burdastyle_Fr\u00fchlingsjacke_5-993x1024.jpg\" alt=\"\" class=\"wp-image-1864\" srcset=\"http:\/\/piek-und-fein.de\/wp-content\/uploads\/2019\/04\/piek-und-fein_Burdastyle_Fr\u00fchlingsjacke_5-993x1024.jpg 993w, http:\/\/piek-und-fein.de\/wp-content\/uploads\/2019\/04\/piek-und-fein_Burdastyle_Fr\u00fchlingsjacke_5-291x300.jpg 291w, http:\/\/piek-und-fein.de\/wp-content\/uploads\/2019\/04\/piek-und-fein_Burdastyle_Fr\u00fchlingsjacke_5-768x792.jpg 768w, http:\/\/piek-und-fein.de\/wp-content\/uploads\/2019\/04\/piek-und-fein_Burdastyle_Fr\u00fchlingsjacke_5.jpg 1000w\" sizes=\"auto, (max-width: 993px) 100vw, 993px\" \/><\/figure>\n\n\n\n<h3 class=\"wp-block-heading\">Passform<\/h3>\n\n\n\n<p>Mit Gr\u00f6\u00dfe und Passform bin ich bei diesem Schnitt gut klargekommen. Ich habe wie immer in Gr\u00f6\u00dfe 36 gen\u00e4ht und finde den Schnitt (anders als Ellen vom Seelenruhig-Blog) auch nicht zu weit. Sicher h\u00e4ngt es aber auch vom Stoff ab, wie kugelig die Jacke wirkt.<\/p>\n\n\n\n<h2 class=\"wp-block-heading\">Sofa-Update<\/h2>\n\n\n\n<p>Beim Jacken-N\u00e4hen habe ich nicht wirklich etwas Neues gelernt. Ganz anders bei meinem Sofa-Projekt! Hier hatte ich kein fertiges Schnittmuster und musste mir bei jedem Schritt \u00fcberlegen, wie es jetzt weitergeht. <\/p>\n\n\n\n<p>Wie ich festgestellt habe, erfreut sich das Sofa <strong>&#8222;Multy&#8220;<\/strong> von <strong>Ligne Roset<\/strong> gro\u00dfer Beliebtheit. Gleichzeitig habe ich von vielen verschossenen Bez\u00fcgen geh\u00f6rt. Das war auch bei mir der Grund f\u00fcr die Aufh\u00fcbschung. Nach \u00fcber zehn Jahren waren Gestell und Polster meines G\u00e4stesofas noch in Ordnung, der orangefarbene Baumwollstoff aber nicht mehr sch\u00f6n.<\/p>\n\n\n\n<figure class=\"wp-block-image\"><img loading=\"lazy\" decoding=\"async\" width=\"1024\" height=\"1024\" src=\"http:\/\/piek-und-fein.de\/wp-content\/uploads\/2019\/04\/IMG_4778-1024x1024.jpg\" alt=\"Sofa Multy bekommt neue Bez\u00fcge\" class=\"wp-image-1869\" srcset=\"http:\/\/piek-und-fein.de\/wp-content\/uploads\/2019\/04\/IMG_4778-1024x1024.jpg 1024w, http:\/\/piek-und-fein.de\/wp-content\/uploads\/2019\/04\/IMG_4778-150x150.jpg 150w, http:\/\/piek-und-fein.de\/wp-content\/uploads\/2019\/04\/IMG_4778-300x300.jpg 300w, http:\/\/piek-und-fein.de\/wp-content\/uploads\/2019\/04\/IMG_4778-768x768.jpg 768w, http:\/\/piek-und-fein.de\/wp-content\/uploads\/2019\/04\/IMG_4778.jpg 1512w\" sizes=\"auto, (max-width: 1024px) 100vw, 1024px\" \/><\/figure>\n\n\n\n<p>Also habe ich ausgemessen, wie viel Stoff ich f\u00fcr neue Bez\u00fcge und Polster ben\u00f6tigen werde und lag mit meinen vorher ausgerechneten <strong>10 Metern <\/strong>genau richtig. Den Stoff habe ich in einem Outlet f\u00fcr Polsterstoffe in M\u00fcnster gekauft und dabei immer noch 38 Euro\/Meter ausgegeben, so dass es ein recht kostspieliges Update geworden ist &#8230; aber andererseits preiswerter und nachhaltiger als ein Neukauf.<\/p>\n\n\n\n<h3 class=\"wp-block-heading\">Zum Warmwerden: Kissenbez\u00fcge n\u00e4hen<\/h3>\n\n\n\n<p>Zuerst habe ich die beiden <strong>Kissenbez\u00fcge<\/strong> gen\u00e4ht. Die alten Bez\u00fcge habe ich  an den N\u00e4hten entlang zerschnitten, die Rei\u00dfverschl\u00fcsse f\u00fcr die neuen Kissen herausgetrennt und anhand der Vorlage neue Kissenbez\u00fcge gen\u00e4ht. Da ich das eine oder andere Sofakissen schon gen\u00e4ht habe, war das noch keine gro\u00dfe Herausforderung. Man muss nur darauf achten, die Bez\u00fcge eher zu klein als zu gro\u00df zu n\u00e4hen, damit die Kissenf\u00fcllungen nachher guten Stand haben.<\/p>\n\n\n\n<figure class=\"wp-block-image\"><img loading=\"lazy\" decoding=\"async\" width=\"1024\" height=\"1024\" src=\"http:\/\/piek-und-fein.de\/wp-content\/uploads\/2019\/04\/IMG_4779-1024x1024.jpg\" alt=\"Kissenbezug mit schwarzen Rei\u00dfverschl\u00fcssen\" class=\"wp-image-1867\" srcset=\"http:\/\/piek-und-fein.de\/wp-content\/uploads\/2019\/04\/IMG_4779-1024x1024.jpg 1024w, http:\/\/piek-und-fein.de\/wp-content\/uploads\/2019\/04\/IMG_4779-150x150.jpg 150w, http:\/\/piek-und-fein.de\/wp-content\/uploads\/2019\/04\/IMG_4779-300x300.jpg 300w, http:\/\/piek-und-fein.de\/wp-content\/uploads\/2019\/04\/IMG_4779-768x768.jpg 768w, http:\/\/piek-und-fein.de\/wp-content\/uploads\/2019\/04\/IMG_4779.jpg 1512w\" sizes=\"auto, (max-width: 1024px) 100vw, 1024px\" \/><\/figure>\n\n\n\n<p>Schwieriger zu n\u00e4hen als die Kissen waren die seitlich eingekr\u00e4uselten Bez\u00fcge der <strong>Armlehnen<\/strong>. Auch diese habe ich zerschnitten, um ein Schnittmuster zu erhalten und die Rei\u00dfverschl\u00fcsse wieder zu verwerten.  <\/p>\n\n\n\n<h3 class=\"wp-block-heading\">Tonnenweise Stoff unter der N\u00e4hmaschine<\/h3>\n\n\n\n<p>Als n\u00e4chstes habe ich mir den <strong>gro\u00dfen Bezug f\u00fcr die Sitz- bzw. Liegefl\u00e4che <\/strong>des Sofas vorgenommen. Der Bezug wird mit drei langen Rei\u00dfverschl\u00fcssen am Sofagestell fixiert und ist zudem gepolstert, was ihn sehr schwer und unhandlich macht. <\/p>\n\n\n\n<p>Als Basis f\u00fcr den gro\u00dfen Bezug habe ich zuerst habe drei Stoffbahnen meines Polsterstoffs aneinander gesteppt und glatt unter den ausgebreiteten Sofabezug gelegt, um mir ein Schnittmuster zu erstellen. Auf das Zerschneiden des wattierten Original-Bezugs habe ich verzichtet, weil ich Sorge hatte, dass die Form verloren geht. Also habe ich meinen neuen Stoff auf den alten gesteckt und teils mit der N\u00e4hmaschine, teils von Hand anmgen\u00e4ht. <strong>Das war sehr m\u00fchsam!!!<\/strong> Immer wieder musste ich den gro\u00dfen und schweren Bezug aus dem G\u00e4stezimmer eine Etage tiefer in mein N\u00e4hzimmer schleppen &#8211; um eine Naht zu n\u00e4hen, das Ganze wieder nach oben zu schleppen, auf dem Boden auszubreiten und den \u00fcbrigen Stoff neu festzustecken. Man ben\u00f6tigt n\u00e4mlich sehr viel Platz, um die Stoffmassen auszubreiten. Mehr Platz, als ich in meinem N\u00e4hzimmer habe.<\/p>\n\n\n\n<p>Beim Anstecken waren die <strong>extralangen Stecknadeln<\/strong> sehr hilfreich.<\/p>\n\n\n\n<figure class=\"wp-block-image\"><img loading=\"lazy\" decoding=\"async\" width=\"1024\" height=\"1024\" src=\"http:\/\/piek-und-fein.de\/wp-content\/uploads\/2019\/04\/IMG_4777-1024x1024.jpg\" alt=\"\" class=\"wp-image-1872\" srcset=\"http:\/\/piek-und-fein.de\/wp-content\/uploads\/2019\/04\/IMG_4777-1024x1024.jpg 1024w, http:\/\/piek-und-fein.de\/wp-content\/uploads\/2019\/04\/IMG_4777-150x150.jpg 150w, http:\/\/piek-und-fein.de\/wp-content\/uploads\/2019\/04\/IMG_4777-300x300.jpg 300w, http:\/\/piek-und-fein.de\/wp-content\/uploads\/2019\/04\/IMG_4777-768x768.jpg 768w, http:\/\/piek-und-fein.de\/wp-content\/uploads\/2019\/04\/IMG_4777.jpg 1512w\" sizes=\"auto, (max-width: 1024px) 100vw, 1024px\" \/><\/figure>\n\n\n\n<p>Zum Schluss kamen die seitlichen Polster dran, die sich leider nicht mit einem Rei\u00dfverschluss abnehmen lassen, da sie am Sofagestellt angetackert  sind. Hier habe ich teils mit einer Polsternadel, teils mit Hammer und N\u00e4geln gearbeitet. <\/p>\n\n\n\n<figure class=\"wp-block-image\"><img loading=\"lazy\" decoding=\"async\" width=\"1024\" height=\"768\" src=\"http:\/\/piek-und-fein.de\/wp-content\/uploads\/2019\/04\/IMG_4798-1024x768.jpg\" alt=\"\" class=\"wp-image-1870\" srcset=\"http:\/\/piek-und-fein.de\/wp-content\/uploads\/2019\/04\/IMG_4798-1024x768.jpg 1024w, http:\/\/piek-und-fein.de\/wp-content\/uploads\/2019\/04\/IMG_4798-300x225.jpg 300w, http:\/\/piek-und-fein.de\/wp-content\/uploads\/2019\/04\/IMG_4798-768x576.jpg 768w, http:\/\/piek-und-fein.de\/wp-content\/uploads\/2019\/04\/IMG_4798.jpg 2016w\" sizes=\"auto, (max-width: 1024px) 100vw, 1024px\" \/><\/figure>\n\n\n\n<p>Irgendwann war auch das geschafft und jetzt freue ich mich sehr \u00fcber mein &#8222;neues&#8220; Sofa!  <\/p>\n\n\n\n<figure class=\"wp-block-image\"><img loading=\"lazy\" decoding=\"async\" width=\"1024\" height=\"1024\" src=\"http:\/\/piek-und-fein.de\/wp-content\/uploads\/2019\/04\/IMG_4815-2-1024x1024.jpg\" alt=\"altes Multy Sofa mit neuen Bez\u00fcgen\" class=\"wp-image-1871\" srcset=\"http:\/\/piek-und-fein.de\/wp-content\/uploads\/2019\/04\/IMG_4815-2-1024x1024.jpg 1024w, http:\/\/piek-und-fein.de\/wp-content\/uploads\/2019\/04\/IMG_4815-2-150x150.jpg 150w, http:\/\/piek-und-fein.de\/wp-content\/uploads\/2019\/04\/IMG_4815-2-300x300.jpg 300w, http:\/\/piek-und-fein.de\/wp-content\/uploads\/2019\/04\/IMG_4815-2-768x768.jpg 768w, http:\/\/piek-und-fein.de\/wp-content\/uploads\/2019\/04\/IMG_4815-2.jpg 1512w\" sizes=\"auto, (max-width: 1024px) 100vw, 1024px\" \/><\/figure>\n\n\n\n<p><strong>Ich w\u00fcnsche Euch einen sch\u00f6nen 1. Mai!<\/strong><\/p>\n\n\n\n<p><strong>Liebe Gr\u00fc\u00dfe, insbesondere auch an an das MeMadeMittwoch-Team!<\/strong><\/p>\n\n\n\n<p><strong>Julia<\/strong><\/p>\n\n\n\n<p>verlinkt bei: <a rel=\"noreferrer noopener\" aria-label=\"M\u00fcnsterblogs (\u00f6ffnet in neuem Tab)\" href=\"https:\/\/www.muensterblogs.de\" target=\"_blank\">M\u00fcnsterblogs<\/a>, <a href=\"https:\/\/memademittwoch.blogspot.com\" target=\"_blank\" rel=\"noreferrer noopener\" aria-label=\"MeMadeMittwoch (\u00f6ffnet in neuem Tab)\">MeMadeMittwoch<\/a><\/p>\n","protected":false},"excerpt":{"rendered":"<p>Heute stelle ich zwei N\u00e4hprojekte vor, die unterschiedlicher kaum sein k\u00f6nnten: ein komplett neu bezogenes Schlafsofa und eine Fr\u00fchlingsjacke aus der Burdastyle (4\/2019). In beiden&#8230;<\/p>\n<div class=\"more-link-wrapper\"><a class=\"more-link\" href=\"http:\/\/piek-und-fein.de\/?p=1857\">Weiterlesen<span class=\"screen-reader-text\">Sofa-Update &#038; leichte Jacke (Burdastyle)<\/span><\/a><\/div>\n","protected":false},"author":1,"featured_media":1874,"comment_status":"open","ping_status":"open","sticky":false,"template":"","format":"standard","meta":{"footnotes":""},"categories":[1],"tags":[40,251,361,360,7,362,359,363],"class_list":["post-1857","post","type-post","status-publish","format-standard","has-post-thumbnail","hentry","category-uncategorized","tag-burdastyle","tag-jacke","tag-ligne-roset","tag-multy","tag-naehen","tag-polster","tag-sofa","tag-sofakissen","entry"],"_links":{"self":[{"href":"http:\/\/piek-und-fein.de\/index.php?rest_route=\/wp\/v2\/posts\/1857","targetHints":{"allow":["GET"]}}],"collection":[{"href":"http:\/\/piek-und-fein.de\/index.php?rest_route=\/wp\/v2\/posts"}],"about":[{"href":"http:\/\/piek-und-fein.de\/index.php?rest_route=\/wp\/v2\/types\/post"}],"author":[{"embeddable":true,"href":"http:\/\/piek-und-fein.de\/index.php?rest_route=\/wp\/v2\/users\/1"}],"replies":[{"embeddable":true,"href":"http:\/\/piek-und-fein.de\/index.php?rest_route=%2Fwp%2Fv2%2Fcomments&post=1857"}],"version-history":[{"count":6,"href":"http:\/\/piek-und-fein.de\/index.php?rest_route=\/wp\/v2\/posts\/1857\/revisions"}],"predecessor-version":[{"id":1876,"href":"http:\/\/piek-und-fein.de\/index.php?rest_route=\/wp\/v2\/posts\/1857\/revisions\/1876"}],"wp:featuredmedia":[{"embeddable":true,"href":"http:\/\/piek-und-fein.de\/index.php?rest_route=\/wp\/v2\/media\/1874"}],"wp:attachment":[{"href":"http:\/\/piek-und-fein.de\/index.php?rest_route=%2Fwp%2Fv2%2Fmedia&parent=1857"}],"wp:term":[{"taxonomy":"category","embeddable":true,"href":"http:\/\/piek-und-fein.de\/index.php?rest_route=%2Fwp%2Fv2%2Fcategories&post=1857"},{"taxonomy":"post_tag","embeddable":true,"href":"http:\/\/piek-und-fein.de\/index.php?rest_route=%2Fwp%2Fv2%2Ftags&post=1857"}],"curies":[{"name":"wp","href":"https:\/\/api.w.org\/{rel}","templated":true}]}}