{"id":2272,"date":"2020-08-05T06:20:36","date_gmt":"2020-08-05T05:20:36","guid":{"rendered":"http:\/\/piek-und-fein.de\/?p=2272"},"modified":"2020-08-05T06:26:18","modified_gmt":"2020-08-05T05:26:18","slug":"schmaler-overall","status":"publish","type":"post","link":"http:\/\/piek-und-fein.de\/?p=2272","title":{"rendered":"Schmaler Overall"},"content":{"rendered":"\n<p>In die Kategorie &#8222;neue Schnittmuster&#8220; f\u00e4llt der Overall, den ich Euch heute zeigen m\u00f6chte, nicht. Aber vielleicht st\u00f6bert Ihr auch gerne ab und zu in alten Schnittmusterheften nach zeitlosen Modellen. Der schmal geschnittene Overall aus der <strong>Burda 4\/2009<\/strong> hebt sich angenehm von den vielen &#8222;Tankstellen-Anz\u00fcgen&#8220; ab, die ich in letzter Zeit in den Zeitschriften gesehen (und auch selbst gen\u00e4ht) habe. <\/p>\n\n\n\n<figure class=\"wp-block-image size-large\"><img loading=\"lazy\" decoding=\"async\" width=\"1024\" height=\"1024\" src=\"http:\/\/piek-und-fein.de\/wp-content\/uploads\/2020\/08\/IMG_8598-1024x1024.jpg\" alt=\"\" class=\"wp-image-2274\" srcset=\"http:\/\/piek-und-fein.de\/wp-content\/uploads\/2020\/08\/IMG_8598-1024x1024.jpg 1024w, http:\/\/piek-und-fein.de\/wp-content\/uploads\/2020\/08\/IMG_8598-300x300.jpg 300w, http:\/\/piek-und-fein.de\/wp-content\/uploads\/2020\/08\/IMG_8598-150x150.jpg 150w, http:\/\/piek-und-fein.de\/wp-content\/uploads\/2020\/08\/IMG_8598-768x768.jpg 768w, http:\/\/piek-und-fein.de\/wp-content\/uploads\/2020\/08\/IMG_8598-1536x1536.jpg 1536w, http:\/\/piek-und-fein.de\/wp-content\/uploads\/2020\/08\/IMG_8598-2048x2048.jpg 2048w\" sizes=\"auto, (max-width: 1024px) 100vw, 1024px\" \/><\/figure>\n\n\n\n<p>In dieser alten Burda finden sich sogar insgesamt vier sch\u00f6ne Overalls. Ich habe mich f\u00fcr Modell 128 entschieden.<\/p>\n\n\n\n<figure class=\"wp-block-image size-large\"><img loading=\"lazy\" decoding=\"async\" width=\"1024\" height=\"567\" src=\"http:\/\/piek-und-fein.de\/wp-content\/uploads\/2020\/08\/IMG_8630-2-1024x567.jpg\" alt=\"technische Zeichnung Overalls\" class=\"wp-image-2273\" srcset=\"http:\/\/piek-und-fein.de\/wp-content\/uploads\/2020\/08\/IMG_8630-2-1024x567.jpg 1024w, http:\/\/piek-und-fein.de\/wp-content\/uploads\/2020\/08\/IMG_8630-2-300x166.jpg 300w, http:\/\/piek-und-fein.de\/wp-content\/uploads\/2020\/08\/IMG_8630-2-768x425.jpg 768w, http:\/\/piek-und-fein.de\/wp-content\/uploads\/2020\/08\/IMG_8630-2-1536x850.jpg 1536w, http:\/\/piek-und-fein.de\/wp-content\/uploads\/2020\/08\/IMG_8630-2-2048x1133.jpg 2048w\" sizes=\"auto, (max-width: 1024px) 100vw, 1024px\" \/><\/figure>\n\n\n\n<p>Dieser Einteiler ist durch die Teilungsn\u00e4hte figurnah geschnitten. Geschlossen wird er mit einem nahtverdeckten Rei\u00dfverschluss und (bei Bedarf) einem Druckknopf am Stehkragen. Weitere Details sind ein geraffter Stoffg\u00fcrtel, Raffungen am \u00c4rmelsaum und die Brusttaschen mit Klappe.<\/p>\n\n\n\n<figure class=\"wp-block-image size-large\"><img loading=\"lazy\" decoding=\"async\" width=\"1024\" height=\"921\" src=\"http:\/\/piek-und-fein.de\/wp-content\/uploads\/2020\/08\/IMG_8569-1024x921.jpg\" alt=\"\" class=\"wp-image-2276\" srcset=\"http:\/\/piek-und-fein.de\/wp-content\/uploads\/2020\/08\/IMG_8569-1024x921.jpg 1024w, http:\/\/piek-und-fein.de\/wp-content\/uploads\/2020\/08\/IMG_8569-300x270.jpg 300w, http:\/\/piek-und-fein.de\/wp-content\/uploads\/2020\/08\/IMG_8569-768x690.jpg 768w, http:\/\/piek-und-fein.de\/wp-content\/uploads\/2020\/08\/IMG_8569-1536x1381.jpg 1536w, http:\/\/piek-und-fein.de\/wp-content\/uploads\/2020\/08\/IMG_8569-2048x1841.jpg 2048w\" sizes=\"auto, (max-width: 1024px) 100vw, 1024px\" \/><\/figure>\n\n\n\n<p>Der Stoff ist elastisch, so dass der Anzug sehr bequem zu tragen ist. Wie immer bei der Jumpsuit-Verarbeitung habe ich meine R\u00fcckenl\u00e4nge vom Hals bis zum Schritt (im Sitzen) ausgemessen und die L\u00e4nge entsprechend angepasst. Es soll ja schlie\u00dflich kein &#8222;Steh-Anzug&#8220; werden &#8230; \ud83d\ude09 zumal es sich hier um einen Kurzgr\u00f6\u00dfen-Schnitt handelt.<\/p>\n\n\n\n<figure class=\"wp-block-image size-large\"><img loading=\"lazy\" decoding=\"async\" width=\"1024\" height=\"683\" src=\"http:\/\/piek-und-fein.de\/wp-content\/uploads\/2020\/08\/IMG_8575-1024x683.jpg\" alt=\"\" class=\"wp-image-2277\" srcset=\"http:\/\/piek-und-fein.de\/wp-content\/uploads\/2020\/08\/IMG_8575-1024x683.jpg 1024w, http:\/\/piek-und-fein.de\/wp-content\/uploads\/2020\/08\/IMG_8575-300x200.jpg 300w, http:\/\/piek-und-fein.de\/wp-content\/uploads\/2020\/08\/IMG_8575-768x512.jpg 768w, http:\/\/piek-und-fein.de\/wp-content\/uploads\/2020\/08\/IMG_8575-1536x1024.jpg 1536w, http:\/\/piek-und-fein.de\/wp-content\/uploads\/2020\/08\/IMG_8575-2048x1366.jpg 2048w\" sizes=\"auto, (max-width: 1024px) 100vw, 1024px\" \/><\/figure>\n\n\n\n<p>Wie gefallen Euch die roten Streifen? Der dunkelblaue Stoff (gefunden beim Schrottplatz in M\u00fcnster) hatte eine sehr sch\u00f6ne rote Webkante, die ich an den Taschenklappen und am G\u00fcrtel offenkantig verarbeitet habe. <\/p>\n\n\n\n<figure class=\"wp-block-image size-large\"><img loading=\"lazy\" decoding=\"async\" width=\"815\" height=\"1024\" src=\"http:\/\/piek-und-fein.de\/wp-content\/uploads\/2020\/08\/IMG_8591-815x1024.jpg\" alt=\"\" class=\"wp-image-2278\" srcset=\"http:\/\/piek-und-fein.de\/wp-content\/uploads\/2020\/08\/IMG_8591-815x1024.jpg 815w, http:\/\/piek-und-fein.de\/wp-content\/uploads\/2020\/08\/IMG_8591-239x300.jpg 239w, http:\/\/piek-und-fein.de\/wp-content\/uploads\/2020\/08\/IMG_8591-768x965.jpg 768w, http:\/\/piek-und-fein.de\/wp-content\/uploads\/2020\/08\/IMG_8591-1223x1536.jpg 1223w, http:\/\/piek-und-fein.de\/wp-content\/uploads\/2020\/08\/IMG_8591-1630x2048.jpg 1630w, http:\/\/piek-und-fein.de\/wp-content\/uploads\/2020\/08\/IMG_8591-scaled.jpg 2038w\" sizes=\"auto, (max-width: 815px) 100vw, 815px\" \/><\/figure>\n\n\n\n<p>Ich nehme an, dass kaum jemand von Euch das Heft auf Lager hat. Aber vielleicht geht Ihr in Eurer Sammlung mal wieder auf Suche nach den alten Sch\u00e4tzen &#8230; <\/p>\n\n\n\n<figure class=\"wp-block-image size-large\"><img loading=\"lazy\" decoding=\"async\" width=\"1024\" height=\"768\" src=\"http:\/\/piek-und-fein.de\/wp-content\/uploads\/2020\/08\/IMG_8581-1024x768.jpg\" alt=\"\" class=\"wp-image-2279\" srcset=\"http:\/\/piek-und-fein.de\/wp-content\/uploads\/2020\/08\/IMG_8581-1024x768.jpg 1024w, http:\/\/piek-und-fein.de\/wp-content\/uploads\/2020\/08\/IMG_8581-300x225.jpg 300w, http:\/\/piek-und-fein.de\/wp-content\/uploads\/2020\/08\/IMG_8581-768x576.jpg 768w, http:\/\/piek-und-fein.de\/wp-content\/uploads\/2020\/08\/IMG_8581-1536x1152.jpg 1536w, http:\/\/piek-und-fein.de\/wp-content\/uploads\/2020\/08\/IMG_8581-2048x1536.jpg 2048w\" sizes=\"auto, (max-width: 1024px) 100vw, 1024px\" \/><\/figure>\n\n\n\n<p>Ich w\u00fcnsche Euch einen sch\u00f6nen Rest-Sommer! Bei einem Kurztrip nach Berlin, wo auch die Fotos entstanden sind, habe ich mich mit Stoffen f\u00fcr den Herbst eingedeckt und habe mit den Herbstsachen auch schon angefangen. Mehr dazu beim n\u00e4chsten <a rel=\"noreferrer noopener\" href=\"https:\/\/memademittwoch.blogspot.com\" target=\"_blank\">MeMadeMittwoch<\/a>!<\/p>\n\n\n\n<p><strong>Herzlichen Gru\u00df<\/strong><\/p>\n\n\n\n<p><strong>Julia<\/strong><\/p>\n","protected":false},"excerpt":{"rendered":"<p>In die Kategorie &#8222;neue Schnittmuster&#8220; f\u00e4llt der Overall, den ich Euch heute zeigen m\u00f6chte, nicht. Aber vielleicht st\u00f6bert Ihr auch gerne ab und zu in&#8230;<\/p>\n<div class=\"more-link-wrapper\"><a class=\"more-link\" href=\"http:\/\/piek-und-fein.de\/?p=2272\">Weiterlesen<span class=\"screen-reader-text\">Schmaler Overall<\/span><\/a><\/div>\n","protected":false},"author":1,"featured_media":2275,"comment_status":"open","ping_status":"open","sticky":false,"template":"","format":"standard","meta":{"footnotes":""},"categories":[1],"tags":[40,294,295],"class_list":["post-2272","post","type-post","status-publish","format-standard","has-post-thumbnail","hentry","category-uncategorized","tag-burdastyle","tag-jumpsuit","tag-overall","entry"],"_links":{"self":[{"href":"http:\/\/piek-und-fein.de\/index.php?rest_route=\/wp\/v2\/posts\/2272","targetHints":{"allow":["GET"]}}],"collection":[{"href":"http:\/\/piek-und-fein.de\/index.php?rest_route=\/wp\/v2\/posts"}],"about":[{"href":"http:\/\/piek-und-fein.de\/index.php?rest_route=\/wp\/v2\/types\/post"}],"author":[{"embeddable":true,"href":"http:\/\/piek-und-fein.de\/index.php?rest_route=\/wp\/v2\/users\/1"}],"replies":[{"embeddable":true,"href":"http:\/\/piek-und-fein.de\/index.php?rest_route=%2Fwp%2Fv2%2Fcomments&post=2272"}],"version-history":[{"count":5,"href":"http:\/\/piek-und-fein.de\/index.php?rest_route=\/wp\/v2\/posts\/2272\/revisions"}],"predecessor-version":[{"id":2286,"href":"http:\/\/piek-und-fein.de\/index.php?rest_route=\/wp\/v2\/posts\/2272\/revisions\/2286"}],"wp:featuredmedia":[{"embeddable":true,"href":"http:\/\/piek-und-fein.de\/index.php?rest_route=\/wp\/v2\/media\/2275"}],"wp:attachment":[{"href":"http:\/\/piek-und-fein.de\/index.php?rest_route=%2Fwp%2Fv2%2Fmedia&parent=2272"}],"wp:term":[{"taxonomy":"category","embeddable":true,"href":"http:\/\/piek-und-fein.de\/index.php?rest_route=%2Fwp%2Fv2%2Fcategories&post=2272"},{"taxonomy":"post_tag","embeddable":true,"href":"http:\/\/piek-und-fein.de\/index.php?rest_route=%2Fwp%2Fv2%2Ftags&post=2272"}],"curies":[{"name":"wp","href":"https:\/\/api.w.org\/{rel}","templated":true}]}}