{"id":2469,"date":"2021-01-06T10:12:10","date_gmt":"2021-01-06T09:12:10","guid":{"rendered":"http:\/\/piek-und-fein.de\/?p=2469"},"modified":"2021-01-06T10:12:11","modified_gmt":"2021-01-06T09:12:11","slug":"naehrueckblick-2020","status":"publish","type":"post","link":"http:\/\/piek-und-fein.de\/?p=2469","title":{"rendered":"N\u00e4hr\u00fcckblick 2020"},"content":{"rendered":"\n<p>Beim N\u00e4hr\u00fcckblick f\u00e4llt es mir jedes Mal schwer, das <em>eine<\/em> Lieblingsteil zu k\u00fcren. Aufgrund der eingeschr\u00e4nkten Freizeitm\u00f6glichkeiten haben ich 2020 viel gen\u00e4ht. Bis auf einen Hosenschnitt aus der La Maison Victor gab es auch keine Reinf\u00e4lle bei den Schnittmustern, so dass meine N\u00e4hbilanz f\u00fcr das Jahr 2020 sehr positiv ausf\u00e4llt. Ich m\u00f6chte hier noch mal einige Projekte hervorheben, die mir besonders in Erinnerung geblieben sind.<\/p>\n\n\n\n<h2 class=\"wp-block-heading\">Am h\u00e4ufigsten getragen<\/h2>\n\n\n\n<p>Wenn ein Kleidungsst\u00fcck besonders h\u00e4ufig getragen wurde, hat sich das N\u00e4hen auch besonders gelohnt. Der Wintermantel nach einem Schnitt von <a href=\"http:\/\/piek-und-fein.de\/?p=2429\" target=\"_blank\" rel=\"noreferrer noopener nofollow\">Grasser (Nr. 440)<\/a>, den ich beim Mantel Sew Along von Anke (Grenzg\u00e4nger Design) gen\u00e4ht habe, f\u00e4llt mir als erstes ein. Ich m\u00f6chte ihn eigentlich gar nicht mehr ausziehen: der Schnitt ist perfekt und der Stoff kuschelweich. Schon jetzt ein Lieblingsteil!<\/p>\n\n\n\n<div class=\"wp-block-image is-style-default\"><figure class=\"aligncenter size-large is-resized\"><a href=\"http:\/\/piek-und-fein.de\/wp-content\/uploads\/2020\/11\/IMG_9123.jpg\"><img loading=\"lazy\" decoding=\"async\" src=\"http:\/\/piek-und-fein.de\/wp-content\/uploads\/2020\/11\/IMG_9123-1024x763.jpg\" alt=\"\" class=\"wp-image-2430\" width=\"580\" height=\"432\" srcset=\"http:\/\/piek-und-fein.de\/wp-content\/uploads\/2020\/11\/IMG_9123-1024x763.jpg 1024w, http:\/\/piek-und-fein.de\/wp-content\/uploads\/2020\/11\/IMG_9123-300x224.jpg 300w, http:\/\/piek-und-fein.de\/wp-content\/uploads\/2020\/11\/IMG_9123-768x572.jpg 768w, http:\/\/piek-und-fein.de\/wp-content\/uploads\/2020\/11\/IMG_9123-1536x1145.jpg 1536w, http:\/\/piek-und-fein.de\/wp-content\/uploads\/2020\/11\/IMG_9123-2048x1526.jpg 2048w\" sizes=\"auto, (max-width: 580px) 100vw, 580px\" \/><\/a><figcaption>Mantel mit Reverskragen von Grasser<\/figcaption><\/figure><\/div>\n\n\n\n<p>H\u00e4ufig getragen habe ich auch den <a href=\"http:\/\/piek-und-fein.de\/?p=2313\" target=\"_blank\" rel=\"noreferrer noopener nofollow\">LB Pullover (Paper Theory)<\/a>, den ich mit einer Marimekko Bl\u00fcte etwas aufgeh\u00fcbscht habe. Der Pulli ist weit geschnitten und dadurch sehr bequem &#8211; genau das Richtige f\u00fcr&#8217;s Homeoffice. <\/p>\n\n\n\n<p>Die Farbe &#8222;Rosa&#8220; war \u00fcbrigens in 2020 bei mir viel vertreten. F\u00fcr mich ist das ein Farbton, der nicht nur den Teint, sondern auch die Stimmung aufhellt, wie gemacht f\u00fcr einen tristen Lockdown.<\/p>\n\n\n\n<div class=\"wp-block-image is-style-default\"><figure class=\"aligncenter size-large is-resized\"><a href=\"http:\/\/piek-und-fein.de\/wp-content\/uploads\/2020\/10\/IMG_8781-scaled.jpg\"><img loading=\"lazy\" decoding=\"async\" src=\"http:\/\/piek-und-fein.de\/wp-content\/uploads\/2020\/10\/IMG_8781-1024x1024.jpg\" alt=\"\" class=\"wp-image-2315\" width=\"580\" height=\"580\" srcset=\"http:\/\/piek-und-fein.de\/wp-content\/uploads\/2020\/10\/IMG_8781-1024x1024.jpg 1024w, http:\/\/piek-und-fein.de\/wp-content\/uploads\/2020\/10\/IMG_8781-300x300.jpg 300w, http:\/\/piek-und-fein.de\/wp-content\/uploads\/2020\/10\/IMG_8781-150x150.jpg 150w, http:\/\/piek-und-fein.de\/wp-content\/uploads\/2020\/10\/IMG_8781-768x768.jpg 768w, http:\/\/piek-und-fein.de\/wp-content\/uploads\/2020\/10\/IMG_8781-1536x1536.jpg 1536w, http:\/\/piek-und-fein.de\/wp-content\/uploads\/2020\/10\/IMG_8781-2048x2048.jpg 2048w\" sizes=\"auto, (max-width: 580px) 100vw, 580px\" \/><\/a><figcaption>LB Pulli mit Unikko-Applikation<\/figcaption><\/figure><\/div>\n\n\n\n<h2 class=\"wp-block-heading\">Interessanteste Schnitte<\/h2>\n\n\n\n<p>Die interessantesten Schnittmuster, die ich im letzten Jahr unter der N\u00e4hmaschine hatte, stammen beide aus dem N\u00e4hbuch von dp studio Fashion. Das geflochtene, \u00e4rmellose <a href=\"http:\/\/piek-und-fein.de\/?p=2288\" target=\"_blank\" rel=\"noreferrer noopener nofollow\">Top (Le 521)<\/a> hat ein schlichtes und doch sehr au\u00dfergew\u00f6hnliches Design &#8211; ganz nach meinem Geschmack!!<\/p>\n\n\n\n<div class=\"wp-block-image is-style-default\"><figure class=\"aligncenter size-large is-resized\"><a href=\"http:\/\/piek-und-fein.de\/wp-content\/uploads\/2020\/08\/IMG_8721-scaled.jpg\"><img loading=\"lazy\" decoding=\"async\" src=\"http:\/\/piek-und-fein.de\/wp-content\/uploads\/2020\/08\/IMG_8721-1024x1024.jpg\" alt=\"\" class=\"wp-image-2303\" width=\"580\" height=\"580\" srcset=\"http:\/\/piek-und-fein.de\/wp-content\/uploads\/2020\/08\/IMG_8721-1024x1024.jpg 1024w, http:\/\/piek-und-fein.de\/wp-content\/uploads\/2020\/08\/IMG_8721-300x300.jpg 300w, http:\/\/piek-und-fein.de\/wp-content\/uploads\/2020\/08\/IMG_8721-150x150.jpg 150w, http:\/\/piek-und-fein.de\/wp-content\/uploads\/2020\/08\/IMG_8721-768x768.jpg 768w, http:\/\/piek-und-fein.de\/wp-content\/uploads\/2020\/08\/IMG_8721-1536x1536.jpg 1536w, http:\/\/piek-und-fein.de\/wp-content\/uploads\/2020\/08\/IMG_8721-2048x2048.jpg 2048w\" sizes=\"auto, (max-width: 580px) 100vw, 580px\" \/><\/a><figcaption>Le 521 dp studio fashion<\/figcaption><\/figure><\/div>\n\n\n\n<p>Auch das Titelmodell des Buches (Le 509) finde ich sehr interessant. Ein ebenfalls \u00e4rmelloses Top, das kunstvoll drapiert und innen komplett gef\u00fcttert ist. Mit meiner Ausf\u00fchrung aus einem Hemdblusenstoff bin ich nicht 100 Prozent zufrieden. Das Top f\u00e4llt etwas zu pludrig. Ich denke, ich werde diesen besonderen Schnitt demn\u00e4chst noch einmal aus einem Crepestoff n\u00e4hen. <\/p>\n\n\n\n<div class=\"wp-block-image is-style-default\"><figure class=\"aligncenter size-large is-resized\"><a href=\"http:\/\/piek-und-fein.de\/wp-content\/uploads\/2021\/01\/IMG_7984-scaled.jpg\"><img loading=\"lazy\" decoding=\"async\" src=\"http:\/\/piek-und-fein.de\/wp-content\/uploads\/2021\/01\/IMG_7984-1024x1024.jpg\" alt=\"\" class=\"wp-image-2470\" width=\"580\" height=\"580\" srcset=\"http:\/\/piek-und-fein.de\/wp-content\/uploads\/2021\/01\/IMG_7984-1024x1024.jpg 1024w, http:\/\/piek-und-fein.de\/wp-content\/uploads\/2021\/01\/IMG_7984-300x300.jpg 300w, http:\/\/piek-und-fein.de\/wp-content\/uploads\/2021\/01\/IMG_7984-150x150.jpg 150w, http:\/\/piek-und-fein.de\/wp-content\/uploads\/2021\/01\/IMG_7984-768x768.jpg 768w, http:\/\/piek-und-fein.de\/wp-content\/uploads\/2021\/01\/IMG_7984-1536x1536.jpg 1536w, http:\/\/piek-und-fein.de\/wp-content\/uploads\/2021\/01\/IMG_7984-2048x2048.jpg 2048w\" sizes=\"auto, (max-width: 580px) 100vw, 580px\" \/><\/a><figcaption>Le 509, dp studio fashion<\/figcaption><\/figure><\/div>\n\n\n\n<h2 class=\"wp-block-heading\">Sch\u00f6nste Stoffe<\/h2>\n\n\n\n<p>Meine sch\u00f6nsten Stoffe habe ich in 2020 bei der Aktion von Yvonne vern\u00e4ht. Auch wenn ich das Ziel verfehlt habe, vier Kleider in vier Wochen zu n\u00e4hen, sind immerhin zwei Sommerkleider entstanden. Die Seidenstoffe von MOOD hatten offenbar auf diese Challenge gewartet.<\/p>\n\n\n\n<div class=\"wp-block-image is-style-default\"><figure class=\"aligncenter size-large\"><a href=\"http:\/\/piek-und-fein.de\/wp-content\/uploads\/2021\/01\/IMG_9442.jpg\"><img loading=\"lazy\" decoding=\"async\" width=\"750\" height=\"744\" src=\"http:\/\/piek-und-fein.de\/wp-content\/uploads\/2021\/01\/IMG_9442.jpg\" alt=\"N\u00e4hchallenge: 4 Wochen 4 Kleider\" class=\"wp-image-2472\" srcset=\"http:\/\/piek-und-fein.de\/wp-content\/uploads\/2021\/01\/IMG_9442.jpg 750w, http:\/\/piek-und-fein.de\/wp-content\/uploads\/2021\/01\/IMG_9442-300x298.jpg 300w, http:\/\/piek-und-fein.de\/wp-content\/uploads\/2021\/01\/IMG_9442-150x150.jpg 150w\" sizes=\"auto, (max-width: 750px) 100vw, 750px\" \/><\/a><figcaption>4 Wochen 4 Kleider<\/figcaption><\/figure><\/div>\n\n\n\n<p>Aus der luftigen, schwarz-blauen Seide habe ich ein langes Stufenkleid gen\u00e4ht. Der &#8222;Wilder Gown&#8220;-Schnitt von Friday Pattern Company wurde 2020 von der N\u00e4hcommunity ja rauf und runter gen\u00e4ht. Ich mag diesen Schnitt sehr und m\u00f6chte ihn auch noch in der Blusenvariante n\u00e4hen.<\/p>\n\n\n\n<div class=\"wp-block-image is-style-default\"><figure class=\"aligncenter size-large\"><a href=\"http:\/\/piek-und-fein.de\/wp-content\/uploads\/2021\/01\/IMG_8393-scaled.jpg\"><img loading=\"lazy\" decoding=\"async\" width=\"1024\" height=\"1024\" src=\"http:\/\/piek-und-fein.de\/wp-content\/uploads\/2021\/01\/IMG_8393-1024x1024.jpg\" alt=\"\" class=\"wp-image-2476\" srcset=\"http:\/\/piek-und-fein.de\/wp-content\/uploads\/2021\/01\/IMG_8393-1024x1024.jpg 1024w, http:\/\/piek-und-fein.de\/wp-content\/uploads\/2021\/01\/IMG_8393-300x300.jpg 300w, http:\/\/piek-und-fein.de\/wp-content\/uploads\/2021\/01\/IMG_8393-150x150.jpg 150w, http:\/\/piek-und-fein.de\/wp-content\/uploads\/2021\/01\/IMG_8393-768x768.jpg 768w, http:\/\/piek-und-fein.de\/wp-content\/uploads\/2021\/01\/IMG_8393-1536x1536.jpg 1536w, http:\/\/piek-und-fein.de\/wp-content\/uploads\/2021\/01\/IMG_8393-2048x2048.jpg 2048w\" sizes=\"auto, (max-width: 1024px) 100vw, 1024px\" \/><\/a><figcaption>Wilder Gown, Friday Pattern Company<\/figcaption><\/figure><\/div>\n\n\n\n<p><\/p>\n\n\n\n<h2 class=\"wp-block-heading\">Neuentdeckung: japanisches N\u00e4hbuch<\/h2>\n\n\n\n<p>Zu meinen sch\u00f6nsten Entdeckungen im N\u00e4hjahr 2020 geh\u00f6rte ein japanisches N\u00e4hbuch (&#8222;Quoi, quoi&#8220;). Hieraus habe ich zwei Blusen gen\u00e4ht:<\/p>\n\n\n\n<div class=\"wp-block-image is-style-default\"><figure class=\"aligncenter size-large\"><a href=\"http:\/\/piek-und-fein.de\/wp-content\/uploads\/2021\/01\/IMG_8657-scaled.jpg\"><img loading=\"lazy\" decoding=\"async\" width=\"1024\" height=\"768\" src=\"http:\/\/piek-und-fein.de\/wp-content\/uploads\/2021\/01\/IMG_8657-1024x768.jpg\" alt=\"\" class=\"wp-image-2482\" srcset=\"http:\/\/piek-und-fein.de\/wp-content\/uploads\/2021\/01\/IMG_8657-1024x768.jpg 1024w, http:\/\/piek-und-fein.de\/wp-content\/uploads\/2021\/01\/IMG_8657-300x225.jpg 300w, http:\/\/piek-und-fein.de\/wp-content\/uploads\/2021\/01\/IMG_8657-768x576.jpg 768w, http:\/\/piek-und-fein.de\/wp-content\/uploads\/2021\/01\/IMG_8657-1536x1152.jpg 1536w, http:\/\/piek-und-fein.de\/wp-content\/uploads\/2021\/01\/IMG_8657-2048x1535.jpg 2048w\" sizes=\"auto, (max-width: 1024px) 100vw, 1024px\" \/><\/a><figcaption>japanisches N\u00e4hbuch Quoi? Quoi?<\/figcaption><\/figure><\/div>\n\n\n\n<div class=\"wp-block-image is-style-default\"><figure class=\"aligncenter size-large is-resized\"><a href=\"http:\/\/piek-und-fein.de\/wp-content\/uploads\/2020\/10\/IMG_8890-scaled.jpg\"><img loading=\"lazy\" decoding=\"async\" src=\"http:\/\/piek-und-fein.de\/wp-content\/uploads\/2020\/10\/IMG_8890-1024x1024.jpg\" alt=\"\" class=\"wp-image-2318\" width=\"580\" height=\"580\" srcset=\"http:\/\/piek-und-fein.de\/wp-content\/uploads\/2020\/10\/IMG_8890-1024x1024.jpg 1024w, http:\/\/piek-und-fein.de\/wp-content\/uploads\/2020\/10\/IMG_8890-300x300.jpg 300w, http:\/\/piek-und-fein.de\/wp-content\/uploads\/2020\/10\/IMG_8890-150x150.jpg 150w, http:\/\/piek-und-fein.de\/wp-content\/uploads\/2020\/10\/IMG_8890-768x768.jpg 768w, http:\/\/piek-und-fein.de\/wp-content\/uploads\/2020\/10\/IMG_8890-1536x1536.jpg 1536w, http:\/\/piek-und-fein.de\/wp-content\/uploads\/2020\/10\/IMG_8890-2048x2048.jpg 2048w\" sizes=\"auto, (max-width: 580px) 100vw, 580px\" \/><\/a><figcaption>R\u00fcschenbluse mit Schleife<\/figcaption><\/figure><\/div>\n\n\n\n<div class=\"wp-block-image is-style-default\"><figure class=\"aligncenter size-large is-resized\"><a href=\"http:\/\/piek-und-fein.de\/wp-content\/uploads\/2020\/08\/IMG_8741.jpg\"><img loading=\"lazy\" decoding=\"async\" src=\"http:\/\/piek-und-fein.de\/wp-content\/uploads\/2020\/08\/IMG_8741.jpg\" alt=\"\" class=\"wp-image-2293\" width=\"580\" height=\"776\" srcset=\"http:\/\/piek-und-fein.de\/wp-content\/uploads\/2020\/08\/IMG_8741.jpg 704w, http:\/\/piek-und-fein.de\/wp-content\/uploads\/2020\/08\/IMG_8741-224x300.jpg 224w\" sizes=\"auto, (max-width: 580px) 100vw, 580px\" \/><\/a><figcaption>Sommertop mit Biesen<\/figcaption><\/figure><\/div>\n\n\n\n<h2 class=\"wp-block-heading\">Besonderes Experiment<\/h2>\n\n\n\n<p>Ein f\u00fcr mich sehr besonderes N\u00e4hexperiment (im weitesten Sinne) war die Herstellung eines 3D-gedruckten Knopfes. Zusammen mit zwei kreativen K\u00f6pfen habe ich dieses Projekt in einem Zoom-Workshop entwickelt. Der wei\u00dfe Knopf hat ein Hahnentrittmuster und einen eingebauten RFID-Chip, auf dem ich meine Webadresse gespeichert habe. Wenn man das Smartphone an den Knopf h\u00e4lt, kommt man automatisch auf meinen Blog. Cool, oder? <\/p>\n\n\n\n<div class=\"wp-block-image is-style-default\"><figure class=\"aligncenter size-large\"><a href=\"http:\/\/piek-und-fein.de\/wp-content\/uploads\/2021\/01\/6F668832-18A0-41EF-AA64-36684AF2EC4D-1.jpg\"><img loading=\"lazy\" decoding=\"async\" width=\"729\" height=\"729\" src=\"http:\/\/piek-und-fein.de\/wp-content\/uploads\/2021\/01\/6F668832-18A0-41EF-AA64-36684AF2EC4D-1.jpg\" alt=\"\" class=\"wp-image-2480\" srcset=\"http:\/\/piek-und-fein.de\/wp-content\/uploads\/2021\/01\/6F668832-18A0-41EF-AA64-36684AF2EC4D-1.jpg 729w, http:\/\/piek-und-fein.de\/wp-content\/uploads\/2021\/01\/6F668832-18A0-41EF-AA64-36684AF2EC4D-1-300x300.jpg 300w, http:\/\/piek-und-fein.de\/wp-content\/uploads\/2021\/01\/6F668832-18A0-41EF-AA64-36684AF2EC4D-1-150x150.jpg 150w\" sizes=\"auto, (max-width: 729px) 100vw, 729px\" \/><\/a><\/figure><\/div>\n\n\n\n<p>Eine <a href=\"https:\/\/wikifactory.com\/+dpa\/fashion\" target=\"_blank\" rel=\"noreferrer noopener nofollow\">Bauanleitung<\/a> f\u00fcr den Knopf ist auf der Plattform &#8222;Wikifactory&#8220; hinterlegt.<\/p>\n\n\n\n<h2 class=\"wp-block-heading\">Sch\u00f6nste Resteverwertung<\/h2>\n\n\n\n<p>Zu Beginn des Jahres 2020 hatte ich mir die <strong>Verwertung von Stoffresten<\/strong> auf die Fahnen geschrieben. Aus dem eingangs gezeigten Mantelprojekt hatte ich Reste des dicken rosa Wollstoffs \u00fcbrig. Daraus habe ich einen Kissenbezug gen\u00e4ht. Hierf\u00fcr habe ich zwei Rechtecke zugeschnitten (f\u00fcr ein 50&#215;70 cm gro\u00dfes Kissen), Kreise ausgeschnitten, zusammengefaltet geb\u00fcgelt und im Bruch jeweils zweilagig auf die Vorderseite aufgesteppt. Hier das Ergebnis:<\/p>\n\n\n\n<div class=\"wp-block-image is-style-default\"><figure class=\"aligncenter size-large is-resized\"><a href=\"http:\/\/piek-und-fein.de\/wp-content\/uploads\/2021\/01\/IMG_9420-scaled.jpg\"><img loading=\"lazy\" decoding=\"async\" src=\"http:\/\/piek-und-fein.de\/wp-content\/uploads\/2021\/01\/IMG_9420-1024x1024.jpg\" alt=\"\" class=\"wp-image-2484\" width=\"580\" height=\"580\" srcset=\"http:\/\/piek-und-fein.de\/wp-content\/uploads\/2021\/01\/IMG_9420-1024x1024.jpg 1024w, http:\/\/piek-und-fein.de\/wp-content\/uploads\/2021\/01\/IMG_9420-300x300.jpg 300w, http:\/\/piek-und-fein.de\/wp-content\/uploads\/2021\/01\/IMG_9420-150x150.jpg 150w, http:\/\/piek-und-fein.de\/wp-content\/uploads\/2021\/01\/IMG_9420-768x768.jpg 768w, http:\/\/piek-und-fein.de\/wp-content\/uploads\/2021\/01\/IMG_9420-1536x1536.jpg 1536w, http:\/\/piek-und-fein.de\/wp-content\/uploads\/2021\/01\/IMG_9420-2048x2048.jpg 2048w\" sizes=\"auto, (max-width: 580px) 100vw, 580px\" \/><\/a><figcaption>ResteverwertungMantelstoff<\/figcaption><\/figure><\/div>\n\n\n\n<p>Ein \u00e4hnliches Kissen habe ich in einem Laden gesehen &#8211; allerdings nicht aus einem so hochwertigen Stoff. <\/p>\n\n\n\n<p><strong>Nun freue<\/strong> <strong>ich mich auf ein kreatives Jahr 2021!<\/strong><\/p>\n\n\n\n<p><strong>Alles gute f\u00fcr Euch zum Neuen Jahr<\/strong> <strong>und danke f\u00fcr den netten Austausch!<\/strong><\/p>\n\n\n\n<p><strong>Julia <\/strong><\/p>\n\n\n\n<p>Hier geht&#8217;s zum <a href=\"https:\/\/memademittwoch.blogspot.com\">MeMadeMittwoch<\/a>!! Sylvia l\u00e4dt heute zum N\u00e4hr\u00fcckblick ein!<\/p>\n\n\n\n<p><em>Beitrag enth\u00e4lt unbezahlte Werbung durch Markennennung und Verlinkung<\/em><\/p>\n","protected":false},"excerpt":{"rendered":"<p>Beim N\u00e4hr\u00fcckblick f\u00e4llt es mir jedes Mal schwer, das eine Lieblingsteil zu k\u00fcren. Aufgrund der eingeschr\u00e4nkten Freizeitm\u00f6glichkeiten haben ich 2020 viel gen\u00e4ht. Bis auf einen&#8230;<\/p>\n<div class=\"more-link-wrapper\"><a class=\"more-link\" href=\"http:\/\/piek-und-fein.de\/?p=2469\">Weiterlesen<span class=\"screen-reader-text\">N\u00e4hr\u00fcckblick 2020<\/span><\/a><\/div>\n","protected":false},"author":1,"featured_media":2484,"comment_status":"open","ping_status":"open","sticky":false,"template":"","format":"standard","meta":{"footnotes":""},"categories":[1],"tags":[417,416,350,404,67,7,385,221],"class_list":["post-2469","post","type-post","status-publish","format-standard","has-post-thumbnail","hentry","category-uncategorized","tag-3d-druck","tag-friday-pattern-company","tag-grasser","tag-japanisch-naehen","tag-memademittwoch","tag-naehen","tag-naehrueckblick","tag-paper-theory","entry"],"_links":{"self":[{"href":"http:\/\/piek-und-fein.de\/index.php?rest_route=\/wp\/v2\/posts\/2469","targetHints":{"allow":["GET"]}}],"collection":[{"href":"http:\/\/piek-und-fein.de\/index.php?rest_route=\/wp\/v2\/posts"}],"about":[{"href":"http:\/\/piek-und-fein.de\/index.php?rest_route=\/wp\/v2\/types\/post"}],"author":[{"embeddable":true,"href":"http:\/\/piek-und-fein.de\/index.php?rest_route=\/wp\/v2\/users\/1"}],"replies":[{"embeddable":true,"href":"http:\/\/piek-und-fein.de\/index.php?rest_route=%2Fwp%2Fv2%2Fcomments&post=2469"}],"version-history":[{"count":9,"href":"http:\/\/piek-und-fein.de\/index.php?rest_route=\/wp\/v2\/posts\/2469\/revisions"}],"predecessor-version":[{"id":2488,"href":"http:\/\/piek-und-fein.de\/index.php?rest_route=\/wp\/v2\/posts\/2469\/revisions\/2488"}],"wp:featuredmedia":[{"embeddable":true,"href":"http:\/\/piek-und-fein.de\/index.php?rest_route=\/wp\/v2\/media\/2484"}],"wp:attachment":[{"href":"http:\/\/piek-und-fein.de\/index.php?rest_route=%2Fwp%2Fv2%2Fmedia&parent=2469"}],"wp:term":[{"taxonomy":"category","embeddable":true,"href":"http:\/\/piek-und-fein.de\/index.php?rest_route=%2Fwp%2Fv2%2Fcategories&post=2469"},{"taxonomy":"post_tag","embeddable":true,"href":"http:\/\/piek-und-fein.de\/index.php?rest_route=%2Fwp%2Fv2%2Ftags&post=2469"}],"curies":[{"name":"wp","href":"https:\/\/api.w.org\/{rel}","templated":true}]}}