{"id":2711,"date":"2021-09-22T17:16:15","date_gmt":"2021-09-22T16:16:15","guid":{"rendered":"http:\/\/piek-und-fein.de\/?p=2711"},"modified":"2021-09-22T17:16:17","modified_gmt":"2021-09-22T16:16:17","slug":"5-pieces-zum-herbstanfang","status":"publish","type":"post","link":"http:\/\/piek-und-fein.de\/?p=2711","title":{"rendered":"5 Pieces zum Herbstanfang"},"content":{"rendered":"\n<p>Passend zum (kalendarischen) Herbstanfang ist heute das <strong>Finale beim <a href=\"http:\/\/grenzgaenger-design.de\/5-pieces-herbstkollektion-finale-des-sewalongs\/\" target=\"_blank\" rel=\"noreferrer noopener\">Herbstkollektion Sewalong<\/a><\/strong>, zu dem Anke (@grenzgaengerdesign) eingeladen hatte. In den letzten Wochen habe ich hier auf dem Blog meine Ideen und Zwischenst\u00e4nde gezeigt &#8211; heute also die fertige &#8222;Kollektion&#8220; mit Tragefotos zu diesen Kleidungsst\u00fccken:<\/p>\n\n\n\n<ul class=\"wp-block-list\"><li>Wollmantel mit Raglan\u00e4rmeln (Grasser Nr. 440), <\/li><li>Jasika-Blazer aus Jaquardstoff (Closet Core Patterns), <\/li><li>Sasha-Trousers aus dem gleichen Jaquardstoff (ebenfalls Closet Core Patterns),<\/li><li>Wickelshirt (Burdastyle 9\/2018),<\/li><li>Hemdbluse mit verdeckter Knopfleiste (abgewandelt nach Burdastyle 2\/2019).<\/li><\/ul>\n\n\n\n<div class=\"wp-block-image is-style-default\"><figure class=\"aligncenter size-large\"><a href=\"http:\/\/piek-und-fein.de\/wp-content\/uploads\/2021\/09\/IMG_1085-scaled.jpg\"><img loading=\"lazy\" decoding=\"async\" width=\"816\" height=\"1024\" src=\"http:\/\/piek-und-fein.de\/wp-content\/uploads\/2021\/09\/IMG_1085-816x1024.jpg\" alt=\"\" class=\"wp-image-2712\" srcset=\"http:\/\/piek-und-fein.de\/wp-content\/uploads\/2021\/09\/IMG_1085-816x1024.jpg 816w, http:\/\/piek-und-fein.de\/wp-content\/uploads\/2021\/09\/IMG_1085-239x300.jpg 239w, http:\/\/piek-und-fein.de\/wp-content\/uploads\/2021\/09\/IMG_1085-768x963.jpg 768w, http:\/\/piek-und-fein.de\/wp-content\/uploads\/2021\/09\/IMG_1085-1225x1536.jpg 1225w, http:\/\/piek-und-fein.de\/wp-content\/uploads\/2021\/09\/IMG_1085-1633x2048.jpg 1633w, http:\/\/piek-und-fein.de\/wp-content\/uploads\/2021\/09\/IMG_1085-scaled.jpg 2041w\" sizes=\"auto, (max-width: 816px) 100vw, 816px\" \/><\/a><\/figure><\/div>\n\n\n\n<p>Das Burdastyle-Wickelshirt ist ein sch\u00f6nes Basicteil. Den Schnitt kann ich sehr empfehlen! (mehr dazu in diesem <a rel=\"noreferrer noopener\" href=\"http:\/\/piek-und-fein.de\/?p=2688\" target=\"_blank\">Blogbeitrag<\/a>). Ich habe einen petrolfarbenen Viskose-Jersey ausgesucht, der mir in Kombination zum dreifarbigen Hosenstoff gut gefiel.<\/p>\n\n\n\n<p>F\u00fcr den Blazer und die passende Hose habe ich einen nicht ganz unauff\u00e4lligen Jaquard in Rot, Schwarz und Mint ausgesucht:<\/p>\n\n\n\n<div class=\"wp-block-image is-style-default\"><figure class=\"aligncenter size-large\"><a href=\"http:\/\/piek-und-fein.de\/wp-content\/uploads\/2021\/09\/IMG_0876-2-scaled.jpg\"><img loading=\"lazy\" decoding=\"async\" width=\"1024\" height=\"768\" src=\"http:\/\/piek-und-fein.de\/wp-content\/uploads\/2021\/09\/IMG_0876-2-1024x768.jpg\" alt=\"\" class=\"wp-image-2719\" srcset=\"http:\/\/piek-und-fein.de\/wp-content\/uploads\/2021\/09\/IMG_0876-2-1024x768.jpg 1024w, http:\/\/piek-und-fein.de\/wp-content\/uploads\/2021\/09\/IMG_0876-2-300x225.jpg 300w, http:\/\/piek-und-fein.de\/wp-content\/uploads\/2021\/09\/IMG_0876-2-768x576.jpg 768w, http:\/\/piek-und-fein.de\/wp-content\/uploads\/2021\/09\/IMG_0876-2-1536x1152.jpg 1536w, http:\/\/piek-und-fein.de\/wp-content\/uploads\/2021\/09\/IMG_0876-2-2048x1536.jpg 2048w\" sizes=\"auto, (max-width: 1024px) 100vw, 1024px\" \/><\/a><\/figure><\/div>\n\n\n\n<p><\/p>\n\n\n\n<p>Der Online-Stoffladen von &#8222;<a rel=\"noreferrer noopener\" href=\"https:\/\/thefabricsales.com\" target=\"_blank\">The Fabric Sales<\/a>&#8220; war f\u00fcr mich eine tolle Entdeckung. Hier werden Stoff\u00fcberh\u00e4nge von Designern angeboten. Mein Anzugstoff ist aus dem Hause Dries Van Noten. Es gibt auch einen Fabric-Sales-Showroom, allerdings in Belgien.<\/p>\n\n\n\n<div class=\"wp-block-image is-style-default\"><figure class=\"aligncenter size-large\"><a href=\"http:\/\/piek-und-fein.de\/wp-content\/uploads\/2021\/09\/IMG_1117-2-scaled.jpg\"><img loading=\"lazy\" decoding=\"async\" width=\"856\" height=\"1024\" src=\"http:\/\/piek-und-fein.de\/wp-content\/uploads\/2021\/09\/IMG_1117-2-856x1024.jpg\" alt=\"\" class=\"wp-image-2714\" srcset=\"http:\/\/piek-und-fein.de\/wp-content\/uploads\/2021\/09\/IMG_1117-2-856x1024.jpg 856w, http:\/\/piek-und-fein.de\/wp-content\/uploads\/2021\/09\/IMG_1117-2-251x300.jpg 251w, http:\/\/piek-und-fein.de\/wp-content\/uploads\/2021\/09\/IMG_1117-2-768x919.jpg 768w, http:\/\/piek-und-fein.de\/wp-content\/uploads\/2021\/09\/IMG_1117-2-1284x1536.jpg 1284w, http:\/\/piek-und-fein.de\/wp-content\/uploads\/2021\/09\/IMG_1117-2-1712x2048.jpg 1712w\" sizes=\"auto, (max-width: 856px) 100vw, 856px\" \/><\/a><\/figure><\/div>\n\n\n\n<p>Die Sasha-Trousers habe ich schon X-Mal gen\u00e4ht, den Jasika-Blazer dagegen zum ersten Mal. Ich war beeindruckt von der unglaublich detaillierten N\u00e4hanleitung und den vielen Schnittmusterteilen (einschlie\u00dflich Vorlagen f\u00fcr Zuschnitt von Vliseline- und Rosshaareinlage). Die Jacke ist nicht besonders tailliert &#8211; deswegen gef\u00e4llt sie mir zu einer Hose besser als zu einem Rock.<\/p>\n\n\n\n<div class=\"wp-block-image is-style-default\"><figure class=\"aligncenter size-large\"><a href=\"http:\/\/piek-und-fein.de\/wp-content\/uploads\/2021\/09\/IMG_1130-scaled.jpg\"><img loading=\"lazy\" decoding=\"async\" width=\"768\" height=\"1024\" src=\"http:\/\/piek-und-fein.de\/wp-content\/uploads\/2021\/09\/IMG_1130-768x1024.jpg\" alt=\"\" class=\"wp-image-2715\" srcset=\"http:\/\/piek-und-fein.de\/wp-content\/uploads\/2021\/09\/IMG_1130-768x1024.jpg 768w, http:\/\/piek-und-fein.de\/wp-content\/uploads\/2021\/09\/IMG_1130-225x300.jpg 225w, http:\/\/piek-und-fein.de\/wp-content\/uploads\/2021\/09\/IMG_1130-1152x1536.jpg 1152w, http:\/\/piek-und-fein.de\/wp-content\/uploads\/2021\/09\/IMG_1130-1536x2048.jpg 1536w, http:\/\/piek-und-fein.de\/wp-content\/uploads\/2021\/09\/IMG_1130-scaled.jpg 1920w\" sizes=\"auto, (max-width: 768px) 100vw, 768px\" \/><\/a><\/figure><\/div>\n\n\n\n<p>Als Alternative zum Wickelshirt habe ich eine klassische Hemdbluse gen\u00e4ht. Den Schnitt aus der Burda 2\/2019 hatte ich etwas abgewandelt und eine verdeckte Knopfleiste angeschnitten. Der Stoff von Nani Iro wirkt durch das sch\u00f6ne Bl\u00fctenmuster, weshalb ich mich gegen eine normale Knopfleiste entschieden hatte. Mehr zur <a href=\"http:\/\/piek-und-fein.de\/?p=2702\" target=\"_blank\" rel=\"noreferrer noopener\">Bluse<\/a> k\u00f6nnt Ihr in meinem Blogpost von letzter Woche nachlesen &#8230;<\/p>\n\n\n\n<div class=\"wp-block-image is-style-default\"><figure class=\"aligncenter size-large\"><a href=\"http:\/\/piek-und-fein.de\/wp-content\/uploads\/2021\/09\/IMG_1192.jpg\"><img loading=\"lazy\" decoding=\"async\" width=\"1024\" height=\"1003\" src=\"http:\/\/piek-und-fein.de\/wp-content\/uploads\/2021\/09\/IMG_1192-1024x1003.jpg\" alt=\"\" class=\"wp-image-2716\" srcset=\"http:\/\/piek-und-fein.de\/wp-content\/uploads\/2021\/09\/IMG_1192-1024x1003.jpg 1024w, http:\/\/piek-und-fein.de\/wp-content\/uploads\/2021\/09\/IMG_1192-300x294.jpg 300w, http:\/\/piek-und-fein.de\/wp-content\/uploads\/2021\/09\/IMG_1192-768x752.jpg 768w, http:\/\/piek-und-fein.de\/wp-content\/uploads\/2021\/09\/IMG_1192-1536x1505.jpg 1536w, http:\/\/piek-und-fein.de\/wp-content\/uploads\/2021\/09\/IMG_1192.jpg 1614w\" sizes=\"auto, (max-width: 1024px) 100vw, 1024px\" \/><\/a><\/figure><\/div>\n\n\n\n<p><\/p>\n\n\n\n<div class=\"wp-block-image is-style-default\"><figure class=\"aligncenter size-large\"><a href=\"http:\/\/piek-und-fein.de\/wp-content\/uploads\/2021\/09\/IMG_1201-scaled.jpg\"><img loading=\"lazy\" decoding=\"async\" width=\"768\" height=\"1024\" src=\"http:\/\/piek-und-fein.de\/wp-content\/uploads\/2021\/09\/IMG_1201-768x1024.jpg\" alt=\"\" class=\"wp-image-2717\" srcset=\"http:\/\/piek-und-fein.de\/wp-content\/uploads\/2021\/09\/IMG_1201-768x1024.jpg 768w, http:\/\/piek-und-fein.de\/wp-content\/uploads\/2021\/09\/IMG_1201-225x300.jpg 225w, http:\/\/piek-und-fein.de\/wp-content\/uploads\/2021\/09\/IMG_1201-1152x1536.jpg 1152w, http:\/\/piek-und-fein.de\/wp-content\/uploads\/2021\/09\/IMG_1201-1536x2048.jpg 1536w, http:\/\/piek-und-fein.de\/wp-content\/uploads\/2021\/09\/IMG_1201-scaled.jpg 1920w\" sizes=\"auto, (max-width: 768px) 100vw, 768px\" \/><\/a><\/figure><\/div>\n\n\n\n<p>Den feinen goldenen Schriftzug mit dem Namen des Stoffes &#8211; New Morning &#8211; habe ich in die Manschetten integriert. So ein sch\u00f6nes Detail im Stoff konnte ich einfach nicht ignorieren! <\/p>\n\n\n\n<p>F\u00fcr den <a href=\"http:\/\/piek-und-fein.de\/?p=2429\" target=\"_blank\" rel=\"noreferrer noopener\">Grasser-Mantel<\/a> aus rosa Wollstoff, den ich bereits im letzten Winter sehr gerne getragen habe, muss es noch etwas k\u00e4lter werden &#8230; <\/p>\n\n\n\n<div class=\"wp-block-image is-style-default\"><figure class=\"aligncenter size-large\"><a href=\"http:\/\/piek-und-fein.de\/wp-content\/uploads\/2021\/09\/IMG_1165-scaled.jpg\"><img loading=\"lazy\" decoding=\"async\" width=\"811\" height=\"1024\" src=\"http:\/\/piek-und-fein.de\/wp-content\/uploads\/2021\/09\/IMG_1165-811x1024.jpg\" alt=\"\" class=\"wp-image-2718\" srcset=\"http:\/\/piek-und-fein.de\/wp-content\/uploads\/2021\/09\/IMG_1165-811x1024.jpg 811w, http:\/\/piek-und-fein.de\/wp-content\/uploads\/2021\/09\/IMG_1165-237x300.jpg 237w, http:\/\/piek-und-fein.de\/wp-content\/uploads\/2021\/09\/IMG_1165-768x970.jpg 768w, http:\/\/piek-und-fein.de\/wp-content\/uploads\/2021\/09\/IMG_1165-1216x1536.jpg 1216w, http:\/\/piek-und-fein.de\/wp-content\/uploads\/2021\/09\/IMG_1165-1621x2048.jpg 1621w, http:\/\/piek-und-fein.de\/wp-content\/uploads\/2021\/09\/IMG_1165-scaled.jpg 2026w\" sizes=\"auto, (max-width: 811px) 100vw, 811px\" \/><\/a><\/figure><\/div>\n\n\n\n<p>Heute war es ja erstaunlich sommerlich.<\/p>\n\n\n\n<p>Zum Schluss noch ein herzliches Dankesch\u00f6n an Dich, liebe Anke, f\u00fcr diesen Sewalong! Sch\u00f6ne Gr\u00fc\u00dfe aus M\u00fcnster, an Euch alle!<\/p>\n\n\n\n<p><strong>Eure Julia<\/strong><\/p>\n","protected":false},"excerpt":{"rendered":"<p>Passend zum (kalendarischen) Herbstanfang ist heute das Finale beim Herbstkollektion Sewalong, zu dem Anke (@grenzgaengerdesign) eingeladen hatte. In den letzten Wochen habe ich hier auf&#8230;<\/p>\n<div class=\"more-link-wrapper\"><a class=\"more-link\" href=\"http:\/\/piek-und-fein.de\/?p=2711\">Weiterlesen<span class=\"screen-reader-text\">5 Pieces zum Herbstanfang<\/span><\/a><\/div>\n","protected":false},"author":1,"featured_media":2658,"comment_status":"open","ping_status":"open","sticky":false,"template":"","format":"standard","meta":{"footnotes":""},"categories":[1],"tags":[430,438,317,247,7,440],"class_list":["post-2711","post","type-post","status-publish","format-standard","has-post-thumbnail","hentry","category-uncategorized","tag-blazer","tag-dries-van-noten","tag-herbst-sewalong","tag-mantel","tag-naehen","tag-nani-iro","entry"],"_links":{"self":[{"href":"http:\/\/piek-und-fein.de\/index.php?rest_route=\/wp\/v2\/posts\/2711","targetHints":{"allow":["GET"]}}],"collection":[{"href":"http:\/\/piek-und-fein.de\/index.php?rest_route=\/wp\/v2\/posts"}],"about":[{"href":"http:\/\/piek-und-fein.de\/index.php?rest_route=\/wp\/v2\/types\/post"}],"author":[{"embeddable":true,"href":"http:\/\/piek-und-fein.de\/index.php?rest_route=\/wp\/v2\/users\/1"}],"replies":[{"embeddable":true,"href":"http:\/\/piek-und-fein.de\/index.php?rest_route=%2Fwp%2Fv2%2Fcomments&post=2711"}],"version-history":[{"count":4,"href":"http:\/\/piek-und-fein.de\/index.php?rest_route=\/wp\/v2\/posts\/2711\/revisions"}],"predecessor-version":[{"id":2724,"href":"http:\/\/piek-und-fein.de\/index.php?rest_route=\/wp\/v2\/posts\/2711\/revisions\/2724"}],"wp:featuredmedia":[{"embeddable":true,"href":"http:\/\/piek-und-fein.de\/index.php?rest_route=\/wp\/v2\/media\/2658"}],"wp:attachment":[{"href":"http:\/\/piek-und-fein.de\/index.php?rest_route=%2Fwp%2Fv2%2Fmedia&parent=2711"}],"wp:term":[{"taxonomy":"category","embeddable":true,"href":"http:\/\/piek-und-fein.de\/index.php?rest_route=%2Fwp%2Fv2%2Fcategories&post=2711"},{"taxonomy":"post_tag","embeddable":true,"href":"http:\/\/piek-und-fein.de\/index.php?rest_route=%2Fwp%2Fv2%2Ftags&post=2711"}],"curies":[{"name":"wp","href":"https:\/\/api.w.org\/{rel}","templated":true}]}}