{"id":3231,"date":"2024-04-03T05:35:58","date_gmt":"2024-04-03T04:35:58","guid":{"rendered":"http:\/\/piek-und-fein.de\/?p=3231"},"modified":"2024-04-03T05:35:59","modified_gmt":"2024-04-03T04:35:59","slug":"fruehlingsoutfit-fibre-mood-special-nr-3","status":"publish","type":"post","link":"http:\/\/piek-und-fein.de\/?p=3231","title":{"rendered":"Fr\u00fchlingsoutfit (Fibre Mood Special Nr.3)"},"content":{"rendered":"\n<p>Vor kurzem ist eine Sonderausgabe der <em><a href=\"https:\/\/www.fibremood.com\/de\/fibre-mood-ausgabe-27-special-n3-2024\">Fibre Mood<\/a><\/em> mit f\u00fcnfzehn Basic-Schnittmustern erschienen, Aus diesem Heft zeige ich heute ein simples T-Shirt (<strong>#Gina<\/strong>) und eine Bluse mit Manschetten (<strong>#Odyna2<\/strong>). <\/p>\n\n\n<div class=\"wp-block-image is-style-default\">\n<figure class=\"aligncenter size-large\"><a href=\"http:\/\/piek-und-fein.de\/wp-content\/uploads\/2024\/04\/IMG_7031-scaled.jpeg\"><img loading=\"lazy\" decoding=\"async\" width=\"1024\" height=\"768\" src=\"http:\/\/piek-und-fein.de\/wp-content\/uploads\/2024\/04\/IMG_7031-1024x768.jpeg\" alt=\"\" class=\"wp-image-3233\" srcset=\"http:\/\/piek-und-fein.de\/wp-content\/uploads\/2024\/04\/IMG_7031-1024x768.jpeg 1024w, http:\/\/piek-und-fein.de\/wp-content\/uploads\/2024\/04\/IMG_7031-300x225.jpeg 300w, http:\/\/piek-und-fein.de\/wp-content\/uploads\/2024\/04\/IMG_7031-768x576.jpeg 768w, http:\/\/piek-und-fein.de\/wp-content\/uploads\/2024\/04\/IMG_7031-1536x1152.jpeg 1536w, http:\/\/piek-und-fein.de\/wp-content\/uploads\/2024\/04\/IMG_7031-2048x1536.jpeg 2048w\" sizes=\"auto, (max-width: 1024px) 100vw, 1024px\" \/><\/a><figcaption class=\"wp-element-caption\">Bild: Fibre Mood Special Nr. 3 Titelbild<\/figcaption><\/figure><\/div>\n\n\n<p>Dazu habe ich einen Hosenschnitt gen\u00e4ht, der alles andere als neu ist. Die <strong>Persephone Pants<\/strong> von <em>Anna Allen Clothing<\/em> wollte ich schon l\u00e4nger n\u00e4hen und habe das Projekt nun endlich umgesetzt.<\/p>\n\n\n\n<p>Meine Idee, mit diesem Outfit den Fr\u00fchling herbei zu n\u00e4hen, hat leider nicht funktioniert. Das gestrige Fotoshooting fiel nach 5 Minuten ins Wasser. Egal!<\/p>\n\n\n<div class=\"wp-block-image is-style-default\">\n<figure class=\"aligncenter size-large\"><a href=\"http:\/\/piek-und-fein.de\/wp-content\/uploads\/2024\/04\/IMG_6879-scaled.jpeg\"><img loading=\"lazy\" decoding=\"async\" width=\"1005\" height=\"1024\" src=\"http:\/\/piek-und-fein.de\/wp-content\/uploads\/2024\/04\/IMG_6879-1005x1024.jpeg\" alt=\"\" class=\"wp-image-3232\" srcset=\"http:\/\/piek-und-fein.de\/wp-content\/uploads\/2024\/04\/IMG_6879-1005x1024.jpeg 1005w, http:\/\/piek-und-fein.de\/wp-content\/uploads\/2024\/04\/IMG_6879-295x300.jpeg 295w, http:\/\/piek-und-fein.de\/wp-content\/uploads\/2024\/04\/IMG_6879-768x782.jpeg 768w, http:\/\/piek-und-fein.de\/wp-content\/uploads\/2024\/04\/IMG_6879-1508x1536.jpeg 1508w, http:\/\/piek-und-fein.de\/wp-content\/uploads\/2024\/04\/IMG_6879-2011x2048.jpeg 2011w\" sizes=\"auto, (max-width: 1005px) 100vw, 1005px\" \/><\/a><figcaption class=\"wp-element-caption\">Persephone Pants mit Ges\u00e4\u00dftaschen<\/figcaption><\/figure><\/div>\n\n\n<p>F\u00fcr ein paar Schnappsch\u00fcsse hat&#8217;s noch gereicht. \ud83d\ude09<\/p>\n\n\n\n<p><\/p>\n\n\n\n<h2 class=\"wp-block-heading\">FibreMood Odyna<\/h2>\n\n\n\n<p>Die Bluse Odyna kann in verschiedenen Varianten gen\u00e4ht werden: Mit einem weiten, flatternden 3\/4-\u00c4rmel (Odyna 1) oder ganz klassisch mit langem \u00c4rmel und Manschetten (Odyna 2). Ich habe mich f\u00fcr die lang\u00e4rmlige L\u00f6sung entschieden und f\u00fcr die Kragenvariante b. Die Alternative ist ein spitz auslaufender und etwas gr\u00f6\u00dferer Kragen.<\/p>\n\n\n<div class=\"wp-block-image is-style-default\">\n<figure class=\"aligncenter size-large\"><a href=\"http:\/\/piek-und-fein.de\/wp-content\/uploads\/2024\/04\/IMG_7039-1-scaled.jpeg\"><img loading=\"lazy\" decoding=\"async\" width=\"768\" height=\"1024\" src=\"http:\/\/piek-und-fein.de\/wp-content\/uploads\/2024\/04\/IMG_7039-1-768x1024.jpeg\" alt=\"\" class=\"wp-image-3235\" srcset=\"http:\/\/piek-und-fein.de\/wp-content\/uploads\/2024\/04\/IMG_7039-1-768x1024.jpeg 768w, http:\/\/piek-und-fein.de\/wp-content\/uploads\/2024\/04\/IMG_7039-1-225x300.jpeg 225w, http:\/\/piek-und-fein.de\/wp-content\/uploads\/2024\/04\/IMG_7039-1-1152x1536.jpeg 1152w, http:\/\/piek-und-fein.de\/wp-content\/uploads\/2024\/04\/IMG_7039-1-1536x2048.jpeg 1536w, http:\/\/piek-und-fein.de\/wp-content\/uploads\/2024\/04\/IMG_7039-1-scaled.jpeg 1920w\" sizes=\"auto, (max-width: 768px) 100vw, 768px\" \/><\/a><figcaption class=\"wp-element-caption\">Fibre Mood Odyna 2 (Stoff: Dries van Noten)<\/figcaption><\/figure><\/div>\n\n\n<p>Die Manschetten fallen sehr breit aus, was mir gut gef\u00e4llt! Im R\u00fcckenteil gibt es eine klassische Passenverarbeitung. Der Kragen hat einen Steg, so dass er gut f\u00e4llt.<\/p>\n\n\n\n<p>Etwas unsicher war ich bei der Gr\u00f6\u00dfenauswahl: Soll ich in S (36\/38) oder M (40\/42) ausschneiden? Bei Blusen ist ja der Brustumfang ausschlaggebend, so dass meine Wahl auf S h\u00e4tte fallen m\u00fcssen. Irritiert hat mich, dass die im Heft gezeigten Models Gr\u00f6\u00dfe M tragen, obwohl sie laut Ma\u00dftabelle eigentlich Gr\u00f6\u00dfe S h\u00e4tten. Die K\u00f6rperma\u00dfe der Models werden n\u00e4mlich im Heft genannt &#8211; ebenso die gezeigte Gr\u00f6\u00dfe. Leider passt beides nicht zusammen und sorgt eher f\u00fcr Verwirrung. <\/p>\n\n\n<div class=\"wp-block-image is-style-default\">\n<figure class=\"aligncenter size-large\"><a href=\"http:\/\/piek-und-fein.de\/wp-content\/uploads\/2024\/04\/IMG_6890.jpeg\"><img loading=\"lazy\" decoding=\"async\" width=\"1024\" height=\"954\" src=\"http:\/\/piek-und-fein.de\/wp-content\/uploads\/2024\/04\/IMG_6890-1024x954.jpeg\" alt=\"\" class=\"wp-image-3240\" srcset=\"http:\/\/piek-und-fein.de\/wp-content\/uploads\/2024\/04\/IMG_6890-1024x954.jpeg 1024w, http:\/\/piek-und-fein.de\/wp-content\/uploads\/2024\/04\/IMG_6890-300x279.jpeg 300w, http:\/\/piek-und-fein.de\/wp-content\/uploads\/2024\/04\/IMG_6890-768x716.jpeg 768w, http:\/\/piek-und-fein.de\/wp-content\/uploads\/2024\/04\/IMG_6890-1536x1431.jpeg 1536w, http:\/\/piek-und-fein.de\/wp-content\/uploads\/2024\/04\/IMG_6890-2048x1908.jpeg 2048w\" sizes=\"auto, (max-width: 1024px) 100vw, 1024px\" \/><\/a><\/figure><\/div>\n\n\n<p>Letzten Endes habe ich mich f\u00fcr die kleinere Gr\u00f6\u00dfe entschieden und bin damit gut klar gekommen. Auf die N\u00e4hte zum Fixieren der Belege am Vorderteil habe ich verzichtet. Sie werden durch die Kn\u00f6pfe bzw. Knopfl\u00f6cher gehalten.<\/p>\n\n\n\n<p>Sonst habe ich keine \u00c4nderungen vorgenommen. Hat alles auf Anhieb gepasst, was ich von der Persephone Pants nicht behauptet kann.<\/p>\n\n\n\n<h2 class=\"wp-block-heading\">Persphone Pants<\/h2>\n\n\n\n<p>Die <a href=\"https:\/\/annaallenclothing.com\/collections\/all-products\/products\/persephone-pants-shorts\">Persephone Pants<\/a> ist ja gef\u00fchlt millionenfach gen\u00e4ht worden. Ich hatte  zun\u00e4chst einen Jeansstoff (als Probehose) in Gr\u00f6\u00dfe 12 zugeschnitten. Laut K\u00f6rperma\u00dfen w\u00e4re das meine Gr\u00f6\u00dfe gewesen, womit wir wieder beim Thema sind. Bei der ersten Anprobe fiel mir die Hose quasi runter. Ich habe sie mit diversen \u00c4nderungen gerettet und meinen rosafarbenen Wollstoff (The Fabric Sales)  dann zwei Nummern kleiner zugeschnitten. In Gr\u00f6\u00dfe 8 hat sie gut gepasst. Vielleicht h\u00e4tte ich mich vorher besser informieren sollen um zu wissen, dass der Schnitt sehr gro\u00df ausf\u00e4llt.<\/p>\n\n\n<div class=\"wp-block-image is-style-default\">\n<figure class=\"aligncenter size-medium\"><a href=\"http:\/\/piek-und-fein.de\/wp-content\/uploads\/2024\/04\/IMG_6907-scaled.jpeg\"><img loading=\"lazy\" decoding=\"async\" width=\"253\" height=\"300\" src=\"http:\/\/piek-und-fein.de\/wp-content\/uploads\/2024\/04\/IMG_6907-253x300.jpeg\" alt=\"\" class=\"wp-image-3241\" srcset=\"http:\/\/piek-und-fein.de\/wp-content\/uploads\/2024\/04\/IMG_6907-253x300.jpeg 253w, http:\/\/piek-und-fein.de\/wp-content\/uploads\/2024\/04\/IMG_6907-862x1024.jpeg 862w, http:\/\/piek-und-fein.de\/wp-content\/uploads\/2024\/04\/IMG_6907-768x912.jpeg 768w, http:\/\/piek-und-fein.de\/wp-content\/uploads\/2024\/04\/IMG_6907-1293x1536.jpeg 1293w, http:\/\/piek-und-fein.de\/wp-content\/uploads\/2024\/04\/IMG_6907-1724x2048.jpeg 1724w\" sizes=\"auto, (max-width: 253px) 100vw, 253px\" \/><\/a><\/figure><\/div>\n\n\n<p>Die Hose hat keine Seitennaht, was sie sehr besonders macht, aber gleichzeitig auch wenig M\u00f6glichkeit zur Korrektur bietet. Man kann allenfalls Abn\u00e4her erg\u00e4nzen oder bei der Gr\u00f6\u00dfe variieren &#8211; was in meinem Fall geholfen hat. \ud83d\ude09 Am Po habe ich Taschen aufgen\u00e4ht und daf\u00fcr auf die vorgesehenen Nahttaschen verzichtet. Sie werden bei dieser Hose vorne ins B\u00fcndchen gefasst, was ich sehr unpraktisch finde. Des Weiteren habe ich mich f\u00fcr einen Rei\u00dfverschluss statt Kn\u00f6pfe entschieden, was zu dem Wollstoff einfach besser passt.<\/p>\n\n\n\n<h2 class=\"wp-block-heading\">FibreMood Gina<\/h2>\n\n\n\n<p>F\u00fcr das T-Shirt Gina habe ich einen wei\u00dfen Jerseystoff aus meinem Vorrat genommen und mit einem Restst\u00fcck von meinem Blusenstoff verziert. Die aufgen\u00e4hte Brusttasche ist der Clou dieses ansonsten schlichten Oberteils. <\/p>\n\n\n<div class=\"wp-block-image is-style-default\">\n<figure class=\"aligncenter size-large\"><a href=\"http:\/\/piek-und-fein.de\/wp-content\/uploads\/2024\/04\/IMG_6945-scaled.jpeg\"><img loading=\"lazy\" decoding=\"async\" width=\"1024\" height=\"721\" src=\"http:\/\/piek-und-fein.de\/wp-content\/uploads\/2024\/04\/IMG_6945-1024x721.jpeg\" alt=\"\" class=\"wp-image-3236\" srcset=\"http:\/\/piek-und-fein.de\/wp-content\/uploads\/2024\/04\/IMG_6945-1024x721.jpeg 1024w, http:\/\/piek-und-fein.de\/wp-content\/uploads\/2024\/04\/IMG_6945-300x211.jpeg 300w, http:\/\/piek-und-fein.de\/wp-content\/uploads\/2024\/04\/IMG_6945-768x541.jpeg 768w, http:\/\/piek-und-fein.de\/wp-content\/uploads\/2024\/04\/IMG_6945-1536x1082.jpeg 1536w, http:\/\/piek-und-fein.de\/wp-content\/uploads\/2024\/04\/IMG_6945-2048x1443.jpeg 2048w\" sizes=\"auto, (max-width: 1024px) 100vw, 1024px\" \/><\/a><\/figure><\/div>\n\n\n<p>Nach meinen Erfahrungen mit der Bluse habe ich in Gr\u00f6\u00dfe S zugeschnitten. Wie Du siehst, f\u00e4llt das Shirt weit aus.<\/p>\n\n\n\n<p>Vielleicht h\u00e4tte ich die Tasche etwas tiefer setzen k\u00f6nnen. Auf Fotos sieht man das sp\u00e4ter anders als bei der Anprobe vorm Spiegel.<\/p>\n\n\n\n<p>Die breiten \u00c4rmelb\u00fcndchen werden eigentlich doppelt gelegt und umgeklappt. Mein Stoff war daf\u00fcr zu schwer, so dass ich nur ein &#8222;halbes&#8220; B\u00fcndchen zugeschnitten habe, welches einfach einen sauberen Abschluss bildet.<\/p>\n\n\n<div class=\"wp-block-image is-style-default\">\n<figure class=\"aligncenter size-large\"><a href=\"http:\/\/piek-und-fein.de\/wp-content\/uploads\/2024\/04\/IMG_7035-scaled.jpeg\"><img loading=\"lazy\" decoding=\"async\" width=\"1024\" height=\"768\" src=\"http:\/\/piek-und-fein.de\/wp-content\/uploads\/2024\/04\/IMG_7035-1024x768.jpeg\" alt=\"\" class=\"wp-image-3237\" srcset=\"http:\/\/piek-und-fein.de\/wp-content\/uploads\/2024\/04\/IMG_7035-1024x768.jpeg 1024w, http:\/\/piek-und-fein.de\/wp-content\/uploads\/2024\/04\/IMG_7035-300x225.jpeg 300w, http:\/\/piek-und-fein.de\/wp-content\/uploads\/2024\/04\/IMG_7035-768x576.jpeg 768w, http:\/\/piek-und-fein.de\/wp-content\/uploads\/2024\/04\/IMG_7035-1536x1152.jpeg 1536w, http:\/\/piek-und-fein.de\/wp-content\/uploads\/2024\/04\/IMG_7035-2048x1536.jpeg 2048w\" sizes=\"auto, (max-width: 1024px) 100vw, 1024px\" \/><\/a><\/figure><\/div>\n\n\n<p>Die Taschenklappe liegt lose auf. Ich hatte \u00fcberlegt, einen Knopf anzun\u00e4hen, bin aber bei der schlichten Variante geblieben.<\/p>\n\n\n\n<p>Mit einem Preis von 19,95 \u20ac ist die Fibre Food Spezialausgabe eine Investition. Ich werde auf jeden Fall noch das Sweatshirt Lara daraus n\u00e4hen.<\/p>\n\n\n\n<p>Wie sieht Euer N\u00e4hfr\u00fchling aus? Ich bin gespannt auf die Kreationen beim heutigen <a href=\"https:\/\/memademittwoch.blogspot.com\/2024\/04\/me-made-mittwoch-am-03-april-2024.html\">MeMadeMitwoch<\/a>. Heute begr\u00fc\u00dft Melanie (500daysofsewing).<\/p>\n\n\n\n<p><strong>Herzliche Gr\u00fc\u00dfe und danke an das Orga-Team!<\/strong><\/p>\n\n\n\n<p><strong>Eure Julia<\/strong><\/p>\n\n\n\n<p><\/p>\n\n\n\n<p><em>Der Beitrag enth\u00e4lt unbezahlte Werbung durch Markennennung und Verlinkung!<\/em><\/p>\n\n\n\n<p><\/p>\n","protected":false},"excerpt":{"rendered":"<p>Vor kurzem ist eine Sonderausgabe der Fibre Mood mit f\u00fcnfzehn Basic-Schnittmustern erschienen, Aus diesem Heft zeige ich heute ein simples T-Shirt (#Gina) und eine Bluse&#8230;<\/p>\n<div class=\"more-link-wrapper\"><a class=\"more-link\" href=\"http:\/\/piek-und-fein.de\/?p=3231\">Weiterlesen<span class=\"screen-reader-text\">Fr\u00fchlingsoutfit (Fibre Mood Special Nr.3)<\/span><\/a><\/div>\n","protected":false},"author":1,"featured_media":3235,"comment_status":"open","ping_status":"open","sticky":false,"template":"","format":"standard","meta":{"footnotes":""},"categories":[1],"tags":[393,480,481,483],"class_list":["post-3231","post","type-post","status-publish","format-standard","has-post-thumbnail","hentry","category-uncategorized","tag-fibremood","tag-fibremoodgina","tag-fibremoododyna2","tag-persephonepants","entry"],"_links":{"self":[{"href":"http:\/\/piek-und-fein.de\/index.php?rest_route=\/wp\/v2\/posts\/3231","targetHints":{"allow":["GET"]}}],"collection":[{"href":"http:\/\/piek-und-fein.de\/index.php?rest_route=\/wp\/v2\/posts"}],"about":[{"href":"http:\/\/piek-und-fein.de\/index.php?rest_route=\/wp\/v2\/types\/post"}],"author":[{"embeddable":true,"href":"http:\/\/piek-und-fein.de\/index.php?rest_route=\/wp\/v2\/users\/1"}],"replies":[{"embeddable":true,"href":"http:\/\/piek-und-fein.de\/index.php?rest_route=%2Fwp%2Fv2%2Fcomments&post=3231"}],"version-history":[{"count":8,"href":"http:\/\/piek-und-fein.de\/index.php?rest_route=\/wp\/v2\/posts\/3231\/revisions"}],"predecessor-version":[{"id":3248,"href":"http:\/\/piek-und-fein.de\/index.php?rest_route=\/wp\/v2\/posts\/3231\/revisions\/3248"}],"wp:featuredmedia":[{"embeddable":true,"href":"http:\/\/piek-und-fein.de\/index.php?rest_route=\/wp\/v2\/media\/3235"}],"wp:attachment":[{"href":"http:\/\/piek-und-fein.de\/index.php?rest_route=%2Fwp%2Fv2%2Fmedia&parent=3231"}],"wp:term":[{"taxonomy":"category","embeddable":true,"href":"http:\/\/piek-und-fein.de\/index.php?rest_route=%2Fwp%2Fv2%2Fcategories&post=3231"},{"taxonomy":"post_tag","embeddable":true,"href":"http:\/\/piek-und-fein.de\/index.php?rest_route=%2Fwp%2Fv2%2Ftags&post=3231"}],"curies":[{"name":"wp","href":"https:\/\/api.w.org\/{rel}","templated":true}]}}