{"id":3280,"date":"2024-08-07T06:46:42","date_gmt":"2024-08-07T05:46:42","guid":{"rendered":"http:\/\/piek-und-fein.de\/?p=3280"},"modified":"2024-08-07T06:46:43","modified_gmt":"2024-08-07T05:46:43","slug":"sommerbluse-sistermagpattern643","status":"publish","type":"post","link":"http:\/\/piek-und-fein.de\/?p=3280","title":{"rendered":"Sommerbluse #sistermagpattern643"},"content":{"rendered":"\n<p>Heute gibt es eine Sommerbluse von <a href=\"https:\/\/sistermagpatterns.com\/collections\/shirts-blouses\/products\/64-3-lapel-blouse-with-front-pleats-sizes-34-50\" data-type=\"link\" data-id=\"https:\/\/sistermagpatterns.com\/collections\/shirts-blouses\/products\/64-3-lapel-blouse-with-front-pleats-sizes-34-50\">sisterMAG Patterns<\/a> auf meinem Blog zu sehen. Die Reversbluse mit Falten im Vorderteil ist das erste Schnittmuster \u00fcberhaupt, das ich von diesem Label gen\u00e4ht habe. <\/p>\n\n\n\n<p>Um es schon mal vorwegzunehmen: Ich bin sehr begeistert von diesem Blusenschnitt!<\/p>\n\n\n<div class=\"wp-block-image\">\n<figure class=\"aligncenter size-large\"><a href=\"http:\/\/piek-und-fein.de\/wp-content\/uploads\/2024\/08\/IMG_8193-scaled.jpeg\"><img loading=\"lazy\" decoding=\"async\" width=\"768\" height=\"1024\" src=\"http:\/\/piek-und-fein.de\/wp-content\/uploads\/2024\/08\/IMG_8193-768x1024.jpeg\" alt=\"\" class=\"wp-image-3282\" srcset=\"http:\/\/piek-und-fein.de\/wp-content\/uploads\/2024\/08\/IMG_8193-768x1024.jpeg 768w, http:\/\/piek-und-fein.de\/wp-content\/uploads\/2024\/08\/IMG_8193-225x300.jpeg 225w, http:\/\/piek-und-fein.de\/wp-content\/uploads\/2024\/08\/IMG_8193-1152x1536.jpeg 1152w, http:\/\/piek-und-fein.de\/wp-content\/uploads\/2024\/08\/IMG_8193-1536x2048.jpeg 1536w, http:\/\/piek-und-fein.de\/wp-content\/uploads\/2024\/08\/IMG_8193-scaled.jpeg 1920w\" sizes=\"auto, (max-width: 768px) 100vw, 768px\" \/><\/a><figcaption class=\"wp-element-caption\">Sistermagpattern643 &#8222;Lapel blouse&#8220;<\/figcaption><\/figure><\/div>\n\n\n<p>Die Falten im Vorderteil &#8211; insgesamt sind es acht &#8211; finde ich sehr originell. An den Seiten gehen die Falten in den \u00c4rmel \u00fcber, was ich ebenfalls sehr schick finde. Hier die technische Zeichnung (Quelle: sistermagPatterns).<\/p>\n\n\n\n<figure class=\"wp-block-image size-full is-resized\"><a href=\"http:\/\/piek-und-fein.de\/wp-content\/uploads\/2024\/08\/IMG_8215.jpg\"><img loading=\"lazy\" decoding=\"async\" width=\"817\" height=\"816\" src=\"http:\/\/piek-und-fein.de\/wp-content\/uploads\/2024\/08\/IMG_8215.jpg\" alt=\"\" class=\"wp-image-3281\" style=\"width:580px;height:auto\" srcset=\"http:\/\/piek-und-fein.de\/wp-content\/uploads\/2024\/08\/IMG_8215.jpg 817w, http:\/\/piek-und-fein.de\/wp-content\/uploads\/2024\/08\/IMG_8215-300x300.jpg 300w, http:\/\/piek-und-fein.de\/wp-content\/uploads\/2024\/08\/IMG_8215-150x150.jpg 150w, http:\/\/piek-und-fein.de\/wp-content\/uploads\/2024\/08\/IMG_8215-768x767.jpg 768w\" sizes=\"auto, (max-width: 817px) 100vw, 817px\" \/><\/a><figcaption class=\"wp-element-caption\">Bildnachweis: Technische Zeichnung, SisterMAG Patterns<\/figcaption><\/figure>\n\n\n\n<p>Gen\u00e4ht wird diese Bluse aus sehr d\u00fcnnen Material &#8211; sei es Baumwolle oder Leinen. Ein wenig Stand sollte der Stoff dennoch haben, damit die Falten nicht schlabbrig nach unten fallen. <\/p>\n\n\n<div class=\"wp-block-image\">\n<figure class=\"aligncenter size-large\"><a href=\"http:\/\/piek-und-fein.de\/wp-content\/uploads\/2024\/08\/IMG_8176-scaled.jpeg\"><img loading=\"lazy\" decoding=\"async\" width=\"768\" height=\"1024\" src=\"http:\/\/piek-und-fein.de\/wp-content\/uploads\/2024\/08\/IMG_8176-768x1024.jpeg\" alt=\"\" class=\"wp-image-3288\" srcset=\"http:\/\/piek-und-fein.de\/wp-content\/uploads\/2024\/08\/IMG_8176-768x1024.jpeg 768w, http:\/\/piek-und-fein.de\/wp-content\/uploads\/2024\/08\/IMG_8176-225x300.jpeg 225w, http:\/\/piek-und-fein.de\/wp-content\/uploads\/2024\/08\/IMG_8176-1152x1536.jpeg 1152w, http:\/\/piek-und-fein.de\/wp-content\/uploads\/2024\/08\/IMG_8176-1536x2048.jpeg 1536w, http:\/\/piek-und-fein.de\/wp-content\/uploads\/2024\/08\/IMG_8176-scaled.jpeg 1920w\" sizes=\"auto, (max-width: 768px) 100vw, 768px\" \/><\/a><figcaption class=\"wp-element-caption\">Sommeroutfit: #sistermagpattern643 und #TFSCassPant<\/figcaption><\/figure><\/div>\n\n\n<p>Ich hatte noch eine ganz d\u00fcnne Baumwolle in meinem Stoffvorrat und habe daraus meine Bluse in Gr\u00f6\u00dfe 38 zugeschnitten. Das war eine ziemlich spontane Aktion, bei der ich auf meinem heimischen Drucker die entsprechenden DIN-A4 Bl\u00e4tter ausgedruckt und zusammengeklebt habe. Leider kam mein (in die Jahre gekommener Rechner) mit dem Adobe Acrobat Reader, mit dem sich einzelne Gr\u00f6\u00dfen darstellen lassen, nicht klar. Also habe ich alle Gr\u00f6\u00dfen gleichzeitig gedruckt, was wirklich nicht zu empfehlen ist (siehe Foto). <\/p>\n\n\n\n<figure class=\"wp-block-image size-large\"><a href=\"http:\/\/piek-und-fein.de\/wp-content\/uploads\/2024\/08\/IMG_8075-scaled.jpeg\"><img loading=\"lazy\" decoding=\"async\" width=\"1024\" height=\"768\" src=\"http:\/\/piek-und-fein.de\/wp-content\/uploads\/2024\/08\/IMG_8075-1024x768.jpeg\" alt=\"\" class=\"wp-image-3283\" srcset=\"http:\/\/piek-und-fein.de\/wp-content\/uploads\/2024\/08\/IMG_8075-1024x768.jpeg 1024w, http:\/\/piek-und-fein.de\/wp-content\/uploads\/2024\/08\/IMG_8075-300x225.jpeg 300w, http:\/\/piek-und-fein.de\/wp-content\/uploads\/2024\/08\/IMG_8075-768x576.jpeg 768w, http:\/\/piek-und-fein.de\/wp-content\/uploads\/2024\/08\/IMG_8075-1536x1152.jpeg 1536w, http:\/\/piek-und-fein.de\/wp-content\/uploads\/2024\/08\/IMG_8075-2048x1536.jpeg 2048w\" sizes=\"auto, (max-width: 1024px) 100vw, 1024px\" \/><\/a><\/figure>\n\n\n\n<p>Ein gro\u00dfes Linien-Chaos! Ich habe Gr\u00f6\u00dfe 38 erst mal mit einem gelben Textmarker nachgemalt. Falls es bei Euch auch Probleme mit dem Adobe Acrobat Reader gibt w\u00fcrde ich den Schnitt in der passenden Gr\u00f6\u00dfe plotten lassen.<\/p>\n\n\n\n<p>Um die Markierungen ordentlich auf den Stoff zu \u00fcbertragen habe ich mit Kopierpapier gearbeitet und die vordere Mitte, die Bruchkante und die Falten zus\u00e4tzlich mit einem Faden durchgeschlagen.<\/p>\n\n\n<div class=\"wp-block-image\">\n<figure class=\"aligncenter size-large is-resized\"><a href=\"http:\/\/piek-und-fein.de\/wp-content\/uploads\/2024\/08\/IMG_8080-scaled.jpeg\"><img loading=\"lazy\" decoding=\"async\" width=\"1024\" height=\"768\" src=\"http:\/\/piek-und-fein.de\/wp-content\/uploads\/2024\/08\/IMG_8080-1024x768.jpeg\" alt=\"\" class=\"wp-image-3284\" style=\"width:580px;height:auto\" srcset=\"http:\/\/piek-und-fein.de\/wp-content\/uploads\/2024\/08\/IMG_8080-1024x768.jpeg 1024w, http:\/\/piek-und-fein.de\/wp-content\/uploads\/2024\/08\/IMG_8080-300x225.jpeg 300w, http:\/\/piek-und-fein.de\/wp-content\/uploads\/2024\/08\/IMG_8080-768x576.jpeg 768w, http:\/\/piek-und-fein.de\/wp-content\/uploads\/2024\/08\/IMG_8080-1536x1152.jpeg 1536w, http:\/\/piek-und-fein.de\/wp-content\/uploads\/2024\/08\/IMG_8080-2048x1536.jpeg 2048w\" sizes=\"auto, (max-width: 1024px) 100vw, 1024px\" \/><\/a><figcaption class=\"wp-element-caption\">Linien markieren<\/figcaption><\/figure><\/div>\n\n\n<p><\/p>\n\n\n\n<p>Anders als in der Anleitung vorgeschlagen, habe ich den angeschnittenen Beleg und auch den Kragen mit einer ganz d\u00fcnnen Einlage versehen. Die in der Anleitung gezeigte Bluse ist komplett ohne Vlieseline gearbeitet. Wegen der Knopfl\u00f6cher hatte ich allerdings Bedenken und habe mich f\u00fcr eine ganz leichte Vlieseline entschieden.<\/p>\n\n\n\n<p>Ein wenig Flei\u00dfarbeit erfordert es, die Falten abzun\u00e4hen. Das ist dann aber auch schon die halbe Miete.<\/p>\n\n\n<div class=\"wp-block-image\">\n<figure class=\"aligncenter size-large\"><a href=\"http:\/\/piek-und-fein.de\/wp-content\/uploads\/2024\/08\/IMG_8120-scaled.jpeg\"><img loading=\"lazy\" decoding=\"async\" width=\"1024\" height=\"768\" src=\"http:\/\/piek-und-fein.de\/wp-content\/uploads\/2024\/08\/IMG_8120-1024x768.jpeg\" alt=\"\" class=\"wp-image-3285\" srcset=\"http:\/\/piek-und-fein.de\/wp-content\/uploads\/2024\/08\/IMG_8120-1024x768.jpeg 1024w, http:\/\/piek-und-fein.de\/wp-content\/uploads\/2024\/08\/IMG_8120-300x225.jpeg 300w, http:\/\/piek-und-fein.de\/wp-content\/uploads\/2024\/08\/IMG_8120-768x576.jpeg 768w, http:\/\/piek-und-fein.de\/wp-content\/uploads\/2024\/08\/IMG_8120-1536x1152.jpeg 1536w, http:\/\/piek-und-fein.de\/wp-content\/uploads\/2024\/08\/IMG_8120-2048x1536.jpeg 2048w\" sizes=\"auto, (max-width: 1024px) 100vw, 1024px\" \/><\/a><\/figure><\/div>\n\n\n<p>Den Halsausschnitt habe ich mit einem Satinband eingefasst, statt hier mit Zickzack oder der Overlock zu vers\u00e4ubern.<\/p>\n\n\n<div class=\"wp-block-image\">\n<figure class=\"aligncenter size-large\"><a href=\"http:\/\/piek-und-fein.de\/wp-content\/uploads\/2024\/08\/IMG_8217-scaled.jpeg\"><img loading=\"lazy\" decoding=\"async\" width=\"1024\" height=\"768\" src=\"http:\/\/piek-und-fein.de\/wp-content\/uploads\/2024\/08\/IMG_8217-1024x768.jpeg\" alt=\"\" class=\"wp-image-3287\" srcset=\"http:\/\/piek-und-fein.de\/wp-content\/uploads\/2024\/08\/IMG_8217-1024x768.jpeg 1024w, http:\/\/piek-und-fein.de\/wp-content\/uploads\/2024\/08\/IMG_8217-300x225.jpeg 300w, http:\/\/piek-und-fein.de\/wp-content\/uploads\/2024\/08\/IMG_8217-768x576.jpeg 768w, http:\/\/piek-und-fein.de\/wp-content\/uploads\/2024\/08\/IMG_8217-1536x1152.jpeg 1536w, http:\/\/piek-und-fein.de\/wp-content\/uploads\/2024\/08\/IMG_8217-2048x1536.jpeg 2048w\" sizes=\"auto, (max-width: 1024px) 100vw, 1024px\" \/><\/a><\/figure><\/div>\n\n\n<p>In der Seite sind Kappn\u00e4hte vorgesehen, die ich mir allerdings schenken musste, weil ich an der H\u00fcfte etwas mehr Weite brauchte und dadurch nicht mehr genug Nahtzugabe f\u00fcr diese Verarbeitung hatte. F\u00fcr eine 38 f\u00e4llt der Schnitt, verglichen mit anderen, eher klein aus. <\/p>\n\n\n\n<p>Erw\u00e4hnen m\u00f6chte ich noch die beiden Abn\u00e4her im R\u00fcckenteil, auch wenn man sie auf dem Foto gar nicht erkennen kann.<\/p>\n\n\n<div class=\"wp-block-image\">\n<figure class=\"aligncenter size-large\"><a href=\"http:\/\/piek-und-fein.de\/wp-content\/uploads\/2024\/08\/IMG_8207-scaled.jpeg\"><img loading=\"lazy\" decoding=\"async\" width=\"1009\" height=\"1024\" src=\"http:\/\/piek-und-fein.de\/wp-content\/uploads\/2024\/08\/IMG_8207-1009x1024.jpeg\" alt=\"\" class=\"wp-image-3289\" srcset=\"http:\/\/piek-und-fein.de\/wp-content\/uploads\/2024\/08\/IMG_8207-1009x1024.jpeg 1009w, http:\/\/piek-und-fein.de\/wp-content\/uploads\/2024\/08\/IMG_8207-296x300.jpeg 296w, http:\/\/piek-und-fein.de\/wp-content\/uploads\/2024\/08\/IMG_8207-768x780.jpeg 768w, http:\/\/piek-und-fein.de\/wp-content\/uploads\/2024\/08\/IMG_8207-1513x1536.jpeg 1513w, http:\/\/piek-und-fein.de\/wp-content\/uploads\/2024\/08\/IMG_8207-2017x2048.jpeg 2017w\" sizes=\"auto, (max-width: 1009px) 100vw, 1009px\" \/><\/a><figcaption class=\"wp-element-caption\">r\u00fcckw\u00e4rtige Ansicht<\/figcaption><\/figure><\/div>\n\n\n<p>Also ich bin sehr zufrieden mit dem N\u00e4hprozess und dem Ergebnis. Beim n\u00e4chsten Mal w\u00fcrde ich nur etwas mehr Weite im Bereich der H\u00fcfte zugeben. Ansonsten hat alles gut gepasst. Zusammen mit der Leinenhose (TFS Cass Pant) ist das ein sehr angenehm zu tragendes Sommeroutfit.<\/p>\n\n\n<div class=\"wp-block-image\">\n<figure class=\"aligncenter size-large is-resized\"><a href=\"http:\/\/piek-und-fein.de\/wp-content\/uploads\/2024\/08\/IMG_8182-2-scaled.jpeg\"><img loading=\"lazy\" decoding=\"async\" width=\"825\" height=\"1024\" src=\"http:\/\/piek-und-fein.de\/wp-content\/uploads\/2024\/08\/IMG_8182-2-825x1024.jpeg\" alt=\"\" class=\"wp-image-3291\" style=\"width:580px;height:auto\" srcset=\"http:\/\/piek-und-fein.de\/wp-content\/uploads\/2024\/08\/IMG_8182-2-825x1024.jpeg 825w, http:\/\/piek-und-fein.de\/wp-content\/uploads\/2024\/08\/IMG_8182-2-242x300.jpeg 242w, http:\/\/piek-und-fein.de\/wp-content\/uploads\/2024\/08\/IMG_8182-2-768x953.jpeg 768w, http:\/\/piek-und-fein.de\/wp-content\/uploads\/2024\/08\/IMG_8182-2-1238x1536.jpeg 1238w, http:\/\/piek-und-fein.de\/wp-content\/uploads\/2024\/08\/IMG_8182-2-1650x2048.jpeg 1650w\" sizes=\"auto, (max-width: 825px) 100vw, 825px\" \/><\/a><\/figure><\/div>\n\n\n<p>Was macht Eure N\u00e4herei? Ist die Maschine \u00fcberhaupt im Einsatz? Oder genie\u00dft Ihr lieber den Sommer drau\u00dfen? Mal sehen, was der <a href=\"https:\/\/memademittwoch.blogspot.com\/2024\/08\/memademittwoch-am-7-august-2024.html\">MeMadeMittwoch<\/a> heute zu bieten hat. Carolas traumhafte Sommerbluse konnte ich eben schon bewundern!<\/p>\n\n\n\n<p><strong>Herzliche Gr\u00fc\u00dfe<\/strong><\/p>\n\n\n\n<p><strong>Eure Julia<\/strong><\/p>\n\n\n\n<p>Der Beitrag enth\u00e4lt unbezahlte Werbung durch Markennennung und Verlinkung!<\/p>\n","protected":false},"excerpt":{"rendered":"<p>Heute gibt es eine Sommerbluse von sisterMAG Patterns auf meinem Blog zu sehen. Die Reversbluse mit Falten im Vorderteil ist das erste Schnittmuster \u00fcberhaupt, das&#8230;<\/p>\n<div class=\"more-link-wrapper\"><a class=\"more-link\" href=\"http:\/\/piek-und-fein.de\/?p=3280\">Weiterlesen<span class=\"screen-reader-text\">Sommerbluse #sistermagpattern643<\/span><\/a><\/div>\n","protected":false},"author":1,"featured_media":3282,"comment_status":"open","ping_status":"open","sticky":false,"template":"","format":"standard","meta":{"footnotes":""},"categories":[1],"tags":[67,7,33,489],"class_list":["post-3280","post","type-post","status-publish","format-standard","has-post-thumbnail","hentry","category-uncategorized","tag-memademittwoch","tag-naehen","tag-schnittmuster","tag-sistermag643","entry"],"_links":{"self":[{"href":"http:\/\/piek-und-fein.de\/index.php?rest_route=\/wp\/v2\/posts\/3280","targetHints":{"allow":["GET"]}}],"collection":[{"href":"http:\/\/piek-und-fein.de\/index.php?rest_route=\/wp\/v2\/posts"}],"about":[{"href":"http:\/\/piek-und-fein.de\/index.php?rest_route=\/wp\/v2\/types\/post"}],"author":[{"embeddable":true,"href":"http:\/\/piek-und-fein.de\/index.php?rest_route=\/wp\/v2\/users\/1"}],"replies":[{"embeddable":true,"href":"http:\/\/piek-und-fein.de\/index.php?rest_route=%2Fwp%2Fv2%2Fcomments&post=3280"}],"version-history":[{"count":4,"href":"http:\/\/piek-und-fein.de\/index.php?rest_route=\/wp\/v2\/posts\/3280\/revisions"}],"predecessor-version":[{"id":3294,"href":"http:\/\/piek-und-fein.de\/index.php?rest_route=\/wp\/v2\/posts\/3280\/revisions\/3294"}],"wp:featuredmedia":[{"embeddable":true,"href":"http:\/\/piek-und-fein.de\/index.php?rest_route=\/wp\/v2\/media\/3282"}],"wp:attachment":[{"href":"http:\/\/piek-und-fein.de\/index.php?rest_route=%2Fwp%2Fv2%2Fmedia&parent=3280"}],"wp:term":[{"taxonomy":"category","embeddable":true,"href":"http:\/\/piek-und-fein.de\/index.php?rest_route=%2Fwp%2Fv2%2Fcategories&post=3280"},{"taxonomy":"post_tag","embeddable":true,"href":"http:\/\/piek-und-fein.de\/index.php?rest_route=%2Fwp%2Fv2%2Ftags&post=3280"}],"curies":[{"name":"wp","href":"https:\/\/api.w.org\/{rel}","templated":true}]}}