{"id":444,"date":"2016-09-25T18:13:12","date_gmt":"2016-09-25T17:13:12","guid":{"rendered":"http:\/\/piek-und-fein.de\/?p=444"},"modified":"2016-09-26T09:03:02","modified_gmt":"2016-09-26T08:03:02","slug":"wintermantel-sew-along-wir-sind-dabei","status":"publish","type":"post","link":"http:\/\/piek-und-fein.de\/?p=444","title":{"rendered":"Wintermantel Sew Along &#8211; wir sind dabei!"},"content":{"rendered":"<p>Anke &amp; ich sind noch recht frisch in der N\u00e4h-Community.\u00a0 Umso doller freuen wir uns auf unseren ersten Wintermantel Sew Along, zu dem der <a href=\"http:\/\/memademittwoch.blogspot.de\/\" target=\"_blank\">MeMadeMittwoch Blog<\/a> eingeladen hat.<\/p>\n<p><a href=\"http:\/\/piek-und-fein.de\/wp-content\/uploads\/2016\/09\/Wintermante-Sewalong.jpg\" rel=\"attachment wp-att-447\"><img loading=\"lazy\" decoding=\"async\" class=\"aligncenter size-full wp-image-447\" src=\"http:\/\/piek-und-fein.de\/wp-content\/uploads\/2016\/09\/Wintermante-Sewalong.jpg\" alt=\"Wintermante Sewalong\" width=\"320\" height=\"400\" srcset=\"http:\/\/piek-und-fein.de\/wp-content\/uploads\/2016\/09\/Wintermante-Sewalong.jpg 320w, http:\/\/piek-und-fein.de\/wp-content\/uploads\/2016\/09\/Wintermante-Sewalong-240x300.jpg 240w\" sizes=\"auto, (max-width: 320px) 100vw, 320px\" \/><\/a><\/p>\n<p>So viel steht schon fest: Bei uns wird es eher ein <strong>\u201eWinterjacken\u201c<\/strong> Sew Along. Damit m\u00f6chten wir unseren Bestand an selbstgen\u00e4hten Wolljacken gerne erweitern.<\/p>\n<figure id=\"attachment_450\" aria-describedby=\"caption-attachment-450\" style=\"width: 891px\" class=\"wp-caption aligncenter\"><a href=\"http:\/\/piek-und-fein.de\/wp-content\/uploads\/2016\/09\/piek-und-fein_Herbstjacken.jpg\" rel=\"attachment wp-att-450\"><img loading=\"lazy\" decoding=\"async\" class=\"size-large wp-image-450\" src=\"http:\/\/piek-und-fein.de\/wp-content\/uploads\/2016\/09\/piek-und-fein_Herbstjacken-1024x740.jpg\" alt=\"Kleiderst\u00e4nder mit drei Herbstjacken\" width=\"891\" height=\"644\" srcset=\"http:\/\/piek-und-fein.de\/wp-content\/uploads\/2016\/09\/piek-und-fein_Herbstjacken-1024x740.jpg 1024w, http:\/\/piek-und-fein.de\/wp-content\/uploads\/2016\/09\/piek-und-fein_Herbstjacken-300x217.jpg 300w, http:\/\/piek-und-fein.de\/wp-content\/uploads\/2016\/09\/piek-und-fein_Herbstjacken-768x555.jpg 768w, http:\/\/piek-und-fein.de\/wp-content\/uploads\/2016\/09\/piek-und-fein_Herbstjacken.jpg 1217w\" sizes=\"auto, (max-width: 891px) 100vw, 891px\" \/><\/a><figcaption id=\"caption-attachment-450\" class=\"wp-caption-text\">Eine Jacke mehr kann nicht schaden &#8230;<\/figcaption><\/figure>\n<p>Das gew\u00fcnschte Ergebnis hat Anke schon mal mit dem Pinsel umgesetzt \u2013 ab n\u00e4chster Woche\u00a0 geht es dann mit Schere und Stecknadeln ans N\u00e4hprojekt.<\/p>\n<p>Erste Ideen zur Herbstjacke haben wir schon im Sommer gesammelt. \u00a0In die engere Auswahl gezogen haben wir eine weit geschnittene <strong>Boucl\u00e9-Jacke<\/strong> mit Schalkragen aus der <a href=\"http:\/\/www.burdastyle.de\/burda-style\/damen\/boucle-jacke_pid_169_14789.html\" target=\"_blank\">August-Burda<\/a>.\u00a0 Allerdings hat die Jacke keinen Verschluss, was sie nicht gerade zu einem &#8222;Masterpiece&#8220; f\u00fcr kalte Tage macht. Also ging die Suche weiter&#8230;<\/p>\n<h2>Fashion- &amp; DIY-Mekka London<\/h2>\n<p>In <strong>London<\/strong> bin ich dann f\u00fcndig geworden. In punkto N\u00e4hen gibt es wohl auch kaum eine Stadt, die so inspirierend. Ob es die Designer sind (v.a. Modequeen Vivienne Westwood), ausgefallene Locations wie der DoverStreetMarket oder schlicht ein Knopfladen &#8230; \u00dcberall sammelst Du kreative Ideen, die nur noch darauf warten, dass Du sie angehst. Au\u00dferdem gibt es erstaunlich viele Stoffgesch\u00e4fte &#8211; halb London scheint zu n\u00e4hen!<\/p>\n<figure id=\"attachment_445\" aria-describedby=\"caption-attachment-445\" style=\"width: 891px\" class=\"wp-caption aligncenter\"><a href=\"http:\/\/piek-und-fein.de\/wp-content\/uploads\/2016\/09\/piek-und-fein_buttonqueen.jpg\" rel=\"attachment wp-att-445\"><img loading=\"lazy\" decoding=\"async\" class=\"size-large wp-image-445\" src=\"http:\/\/piek-und-fein.de\/wp-content\/uploads\/2016\/09\/piek-und-fein_buttonqueen-1024x712.jpg\" alt=\"Schaufensteransicht Knopfgesch\u00e4ft\" width=\"891\" height=\"620\" srcset=\"http:\/\/piek-und-fein.de\/wp-content\/uploads\/2016\/09\/piek-und-fein_buttonqueen-1024x712.jpg 1024w, http:\/\/piek-und-fein.de\/wp-content\/uploads\/2016\/09\/piek-und-fein_buttonqueen-300x209.jpg 300w, http:\/\/piek-und-fein.de\/wp-content\/uploads\/2016\/09\/piek-und-fein_buttonqueen-768x534.jpg 768w, http:\/\/piek-und-fein.de\/wp-content\/uploads\/2016\/09\/piek-und-fein_buttonqueen.jpg 1181w\" sizes=\"auto, (max-width: 891px) 100vw, 891px\" \/><\/a><figcaption id=\"caption-attachment-445\" class=\"wp-caption-text\">The Button Queen, London<\/figcaption><\/figure>\n<p>&nbsp;<\/p>\n<figure id=\"attachment_446\" aria-describedby=\"caption-attachment-446\" style=\"width: 891px\" class=\"wp-caption aligncenter\"><a href=\"http:\/\/piek-und-fein.de\/wp-content\/uploads\/2016\/09\/piek-und-fein_Stoffe-London.jpg\" rel=\"attachment wp-att-446\"><img loading=\"lazy\" decoding=\"async\" class=\"size-large wp-image-446\" src=\"http:\/\/piek-und-fein.de\/wp-content\/uploads\/2016\/09\/piek-und-fein_Stoffe-London-1024x682.jpg\" alt=\"Stoffballen im Stoffgesch\u00e4ft\" width=\"891\" height=\"593\" srcset=\"http:\/\/piek-und-fein.de\/wp-content\/uploads\/2016\/09\/piek-und-fein_Stoffe-London-1024x682.jpg 1024w, http:\/\/piek-und-fein.de\/wp-content\/uploads\/2016\/09\/piek-und-fein_Stoffe-London-300x200.jpg 300w, http:\/\/piek-und-fein.de\/wp-content\/uploads\/2016\/09\/piek-und-fein_Stoffe-London-768x512.jpg 768w, http:\/\/piek-und-fein.de\/wp-content\/uploads\/2016\/09\/piek-und-fein_Stoffe-London.jpg 1300w\" sizes=\"auto, (max-width: 891px) 100vw, 891px\" \/><\/a><figcaption id=\"caption-attachment-446\" class=\"wp-caption-text\">piekfeine Stoffe<\/figcaption><\/figure>\n<h2>Cooles N\u00e4hbuch von Yuko Takada<\/h2>\n<p>F\u00fcr reichlich Inspiration in Sachen Herbst-\/Winter-Outfit sorgte der Besuch einer Buchhandlung.\u00a0 Inmitten einer riesigen Vielfalt an N\u00e4hb\u00fcchern habe ich das Buch von <strong><a href=\"http:\/\/www.japanesesewingbooks.com\/2015\/03\/11\/book-review-she-wears-the-pants-now-in-english\/\" target=\"_blank\">Yuko Takada<\/a><\/strong> aus dem Regal gezogen. Es hat den sch\u00f6nen Titel <strong>&#8222;She Wears the Pants. Easy Sew-it-Yourself Fashion with an Edgy Urban Style&#8220;<\/strong>.<\/p>\n<p>Gleich auf der ersten Seite begeisterte uns der l\u00e4ssige <strong>&#8222;Oval Coat&#8220;<\/strong> mit asymmetrischem Verschluss und angesetzten Strick\u00e4rmeln. Wow!\u00a0 Abgesehen von diesem Modell gefallen uns in diesem Buch auch viele andere Outfits. Auf jeden Fall mal was anderes &#8211; auch was die stimmungsvolle Pr\u00e4sentation der Kleidung anbelangt.<\/p>\n<h2>Stoffjagd beginnt &#8230;<\/h2>\n<p>Das Schnittmuster ist im Buch enthalten. Jetzt hei\u00dft es also: Schnitt kopieren &#8230; und nat\u00fcrlich Stoff und Zutaten ausw\u00e4hlen. Dar\u00fcber berichte wir dann in zwei Wochen.<\/p>\n<p>Bis dahin frohes Schaffen!<\/p>\n<p>Eure &#8222;Sewing twins&#8220; \ud83d\ude09<\/p>\n<p>Julia &amp; Anke<\/p>\n<p>&nbsp;<\/p>\n<p>&nbsp;<\/p>\n<p>&nbsp;<\/p>\n","protected":false},"excerpt":{"rendered":"<p>Anke &amp; ich sind noch recht frisch in der N\u00e4h-Community.\u00a0 Umso doller freuen wir uns auf unseren ersten Wintermantel Sew Along, zu dem der MeMadeMittwoch&#8230;<\/p>\n<div class=\"more-link-wrapper\"><a class=\"more-link\" href=\"http:\/\/piek-und-fein.de\/?p=444\">Weiterlesen<span class=\"screen-reader-text\">Wintermantel Sew Along &#8211; wir sind dabei!<\/span><\/a><\/div>\n","protected":false},"author":1,"featured_media":454,"comment_status":"open","ping_status":"open","sticky":false,"template":"","format":"standard","meta":{"footnotes":""},"categories":[1],"tags":[76,45,40,56,78,75,7,77,26,74,11,79,73,80],"class_list":["post-444","post","type-post","status-publish","format-standard","has-post-thumbnail","hentry","category-uncategorized","tag-boucle-jacke","tag-burda","tag-burdastyle","tag-knoepfe","tag-london","tag-me-made-mittwoch","tag-naehen","tag-schalkragen","tag-schnitt","tag-sew-along","tag-stoff","tag-vivienne-westwood","tag-winterjacke","tag-yuko-takada","entry"],"_links":{"self":[{"href":"http:\/\/piek-und-fein.de\/index.php?rest_route=\/wp\/v2\/posts\/444","targetHints":{"allow":["GET"]}}],"collection":[{"href":"http:\/\/piek-und-fein.de\/index.php?rest_route=\/wp\/v2\/posts"}],"about":[{"href":"http:\/\/piek-und-fein.de\/index.php?rest_route=\/wp\/v2\/types\/post"}],"author":[{"embeddable":true,"href":"http:\/\/piek-und-fein.de\/index.php?rest_route=\/wp\/v2\/users\/1"}],"replies":[{"embeddable":true,"href":"http:\/\/piek-und-fein.de\/index.php?rest_route=%2Fwp%2Fv2%2Fcomments&post=444"}],"version-history":[{"count":5,"href":"http:\/\/piek-und-fein.de\/index.php?rest_route=\/wp\/v2\/posts\/444\/revisions"}],"predecessor-version":[{"id":455,"href":"http:\/\/piek-und-fein.de\/index.php?rest_route=\/wp\/v2\/posts\/444\/revisions\/455"}],"wp:featuredmedia":[{"embeddable":true,"href":"http:\/\/piek-und-fein.de\/index.php?rest_route=\/wp\/v2\/media\/454"}],"wp:attachment":[{"href":"http:\/\/piek-und-fein.de\/index.php?rest_route=%2Fwp%2Fv2%2Fmedia&parent=444"}],"wp:term":[{"taxonomy":"category","embeddable":true,"href":"http:\/\/piek-und-fein.de\/index.php?rest_route=%2Fwp%2Fv2%2Fcategories&post=444"},{"taxonomy":"post_tag","embeddable":true,"href":"http:\/\/piek-und-fein.de\/index.php?rest_route=%2Fwp%2Fv2%2Ftags&post=444"}],"curies":[{"name":"wp","href":"https:\/\/api.w.org\/{rel}","templated":true}]}}