{"id":571,"date":"2016-12-18T09:54:26","date_gmt":"2016-12-18T08:54:26","guid":{"rendered":"http:\/\/piek-und-fein.de\/?p=571"},"modified":"2016-12-18T09:57:23","modified_gmt":"2016-12-18T08:57:23","slug":"in-der-weihnachts-naeherei","status":"publish","type":"post","link":"http:\/\/piek-und-fein.de\/?p=571","title":{"rendered":"In der Weihnachts-N\u00e4herei"},"content":{"rendered":"<p>Die Weihnachtskleid-N\u00e4herei geht weiter. Vielen Dank an dieser Stelle erst mal f\u00fcr Eure zahlreichen Tipps und Kommentare zu der Frage, ob Soutache oder Pailletten der bessere Weihnachtsschmuck f\u00fcr mein Kleid sind. \u00a0Die Meinungen waren sehr geteilt und insbesondere am Thema &#8222;Pailletten&#8220; scheiden sich offenbar die Geister.<\/p>\n<h2>And the Winner is&#8230;<\/h2>\n<p>Um die\u00a0Entscheidung letzten Endes treffen zu k\u00f6nnen, habe ich das Kleid zur Anprobe fertig gestellt und dann die silberne Soutache\u00a0bzw. das blaue Paillettenband angehalten.\u00a0Die dritte Variante &#8211;\u00a0ein schmales, rotes Soutache-Band &#8211;\u00a0war schon vorher aus dem Rennen. Am Ende habe ich mich f\u00fcr Silber entschieden. Das kommt der Vorlage aus dem Burda-Heft (10\/2016) am n\u00e4chsten. Und das Foto aus dem Oktober-Heft der Burdastyle war es ja, was mich angelockt hatte. Hier zeige ich Euch den aktuellen N\u00e4hstand:<\/p>\n<figure id=\"attachment_573\" aria-describedby=\"caption-attachment-573\" style=\"width: 768px\" class=\"wp-caption aligncenter\"><a href=\"http:\/\/piek-und-fein.de\/wp-content\/uploads\/2016\/12\/piek-ud-fein_Weihnachtskleid_12.jpg\"><img loading=\"lazy\" decoding=\"async\" class=\"wp-image-573 size-large\" src=\"http:\/\/piek-und-fein.de\/wp-content\/uploads\/2016\/12\/piek-ud-fein_Weihnachtskleid_12-768x1024.jpg\" alt=\"blaues Weihnachtskleid auf Schaufensterpuppe\" width=\"768\" height=\"1024\" srcset=\"http:\/\/piek-und-fein.de\/wp-content\/uploads\/2016\/12\/piek-ud-fein_Weihnachtskleid_12-768x1024.jpg 768w, http:\/\/piek-und-fein.de\/wp-content\/uploads\/2016\/12\/piek-ud-fein_Weihnachtskleid_12-225x300.jpg 225w, http:\/\/piek-und-fein.de\/wp-content\/uploads\/2016\/12\/piek-ud-fein_Weihnachtskleid_12.jpg 1224w\" sizes=\"auto, (max-width: 768px) 100vw, 768px\" \/><\/a><figcaption id=\"caption-attachment-573\" class=\"wp-caption-text\">Die \u00c4rmel fehlen noch<\/figcaption><\/figure>\n<p>&nbsp;<\/p>\n<p>F\u00fcr N\u00e4hanf\u00e4nger ist das Kleid nicht zu empfehlen. Die drei Punkte, die Burda f\u00fcr den Schwierigkeitsgrad\u00a0angibt, sind aus meiner Sicht absolut gerechtfertigt.<\/p>\n<p>Bei der Verarbeitung muss man\u00a0zuerst das\u00a0Oberteil komplett fertigstellen: Am Vorderteil\u00a0die\u00a0Abn\u00e4her steppen\u00a0und dann den Tropfenausschnitt mit dem Futtervorderteil verst\u00fcrzen. Als n\u00e4chstes das R\u00fcckenteil vom Ober- bzw. Futterstoff ann\u00e4hen.<\/p>\n<figure id=\"attachment_574\" aria-describedby=\"caption-attachment-574\" style=\"width: 891px\" class=\"wp-caption aligncenter\"><a href=\"http:\/\/piek-und-fein.de\/wp-content\/uploads\/2016\/12\/piek-ud-fein_Weihnachtskleid_14.jpg\"><img loading=\"lazy\" decoding=\"async\" class=\"wp-image-574 size-large\" src=\"http:\/\/piek-und-fein.de\/wp-content\/uploads\/2016\/12\/piek-ud-fein_Weihnachtskleid_14-1024x768.jpg\" alt=\"Ansicht des Ausschnitts\" width=\"891\" height=\"668\" srcset=\"http:\/\/piek-und-fein.de\/wp-content\/uploads\/2016\/12\/piek-ud-fein_Weihnachtskleid_14-1024x768.jpg 1024w, http:\/\/piek-und-fein.de\/wp-content\/uploads\/2016\/12\/piek-ud-fein_Weihnachtskleid_14-300x225.jpg 300w, http:\/\/piek-und-fein.de\/wp-content\/uploads\/2016\/12\/piek-ud-fein_Weihnachtskleid_14-768x576.jpg 768w, http:\/\/piek-und-fein.de\/wp-content\/uploads\/2016\/12\/piek-ud-fein_Weihnachtskleid_14.jpg 1632w\" sizes=\"auto, (max-width: 891px) 100vw, 891px\" \/><\/a><figcaption id=\"caption-attachment-574\" class=\"wp-caption-text\">Oberteil mit Tropfenausschnitt<\/figcaption><\/figure>\n<figure id=\"attachment_575\" aria-describedby=\"caption-attachment-575\" style=\"width: 300px\" class=\"wp-caption aligncenter\"><a href=\"http:\/\/piek-und-fein.de\/wp-content\/uploads\/2016\/12\/piek-ud-fein_Weihnachtskleid_13.jpg\"><img loading=\"lazy\" decoding=\"async\" class=\"size-medium wp-image-575\" src=\"http:\/\/piek-und-fein.de\/wp-content\/uploads\/2016\/12\/piek-ud-fein_Weihnachtskleid_13-300x225.jpg\" alt=\"Innenansicht des Keids\" width=\"300\" height=\"225\" srcset=\"http:\/\/piek-und-fein.de\/wp-content\/uploads\/2016\/12\/piek-ud-fein_Weihnachtskleid_13-300x225.jpg 300w, http:\/\/piek-und-fein.de\/wp-content\/uploads\/2016\/12\/piek-ud-fein_Weihnachtskleid_13-768x576.jpg 768w, http:\/\/piek-und-fein.de\/wp-content\/uploads\/2016\/12\/piek-ud-fein_Weihnachtskleid_13-1024x768.jpg 1024w, http:\/\/piek-und-fein.de\/wp-content\/uploads\/2016\/12\/piek-ud-fein_Weihnachtskleid_13.jpg 1632w\" sizes=\"auto, (max-width: 300px) 100vw, 300px\" \/><\/a><figcaption id=\"caption-attachment-575\" class=\"wp-caption-text\">Futter mit einfassen<\/figcaption><\/figure>\n<p>Am Schluss wird die schmale Ausschnittblende festgen\u00e4ht &#8211; das erfordert etwas Fingerspitzengef\u00fchl, weil das Futter ja auch\u00a0noch mitverarbeitet werden muss.<\/p>\n<p>Danach habe ich mich mit dem Kleid weiter nach unten hin durchgearbeitet.<\/p>\n<h2>Rockteil<\/h2>\n<p>Zuerst habe ich das Rockteil gen\u00e4ht: Dazu geh\u00f6ren zwei Abn\u00e4her auf der Vorderseite und die Kellerfalte. Auf dem Bild ist sie noch geschlossen. Ich habe die Falte auf einem\u00a0 6er-Stich zugen\u00e4ht und werde sie erst zum Schluss \u00f6ffnen, damit die Form gut erhalten bleibt. Der Zierblende habe ich Vliseline untergeb\u00fcgelt, die Soutache festgesteppt und die fertigen Zierblenden auf dem Rockteil angen\u00e4ht. Dieser Schritt hat ordentlich Zeit gekostet, weil sich das Soutacheband\u00a0ganz sch\u00f6n\u00a0widerspenstig verhalten hat.<\/p>\n<figure id=\"attachment_576\" aria-describedby=\"caption-attachment-576\" style=\"width: 500px\" class=\"wp-caption aligncenter\"><a href=\"http:\/\/piek-und-fein.de\/wp-content\/uploads\/2016\/12\/piek-ud-fein_Weihnachtskleid_15.jpg\"><img loading=\"lazy\" decoding=\"async\" class=\"wp-image-576\" src=\"http:\/\/piek-und-fein.de\/wp-content\/uploads\/2016\/12\/piek-ud-fein_Weihnachtskleid_15-1024x768.jpg\" alt=\"silberfarbene Zierblende\" width=\"500\" height=\"375\" srcset=\"http:\/\/piek-und-fein.de\/wp-content\/uploads\/2016\/12\/piek-ud-fein_Weihnachtskleid_15-1024x768.jpg 1024w, http:\/\/piek-und-fein.de\/wp-content\/uploads\/2016\/12\/piek-ud-fein_Weihnachtskleid_15-300x225.jpg 300w, http:\/\/piek-und-fein.de\/wp-content\/uploads\/2016\/12\/piek-ud-fein_Weihnachtskleid_15-768x576.jpg 768w, http:\/\/piek-und-fein.de\/wp-content\/uploads\/2016\/12\/piek-ud-fein_Weihnachtskleid_15.jpg 1632w\" sizes=\"auto, (max-width: 500px) 100vw, 500px\" \/><\/a><figcaption id=\"caption-attachment-576\" class=\"wp-caption-text\">Zierblende<\/figcaption><\/figure>\n<h2>Taillenblende<\/h2>\n<p>Die Taillenblende verbindet das Oberteil mit dem Rockteil.\u00a0Hier habe ich ebenfalls Vliseline aufgeb\u00fcgelt,\u00a0um den relativ steifen Soutacheb\u00e4ndern auf der weichen Merino-Schurwolle mehr Halt zu geben. \u00a0Die Herausforderung bestand dann darin, die f\u00fcnf Streifen in gleichm\u00e4\u00dfigen, parallelen Abst\u00e4nden aufzun\u00e4hen. Nach bestandener &#8222;Qualit\u00e4tskontrolle&#8220; (und nat\u00fcrlich Anprobe) habe ich die r\u00fcckw\u00e4rtige Mittelnaht geschlossen.<\/p>\n<figure id=\"attachment_577\" aria-describedby=\"caption-attachment-577\" style=\"width: 891px\" class=\"wp-caption aligncenter\"><a href=\"http:\/\/piek-und-fein.de\/wp-content\/uploads\/2016\/12\/piek-ud-fein_Weihnachtskleid_16.jpg\"><img loading=\"lazy\" decoding=\"async\" class=\"size-large wp-image-577\" src=\"http:\/\/piek-und-fein.de\/wp-content\/uploads\/2016\/12\/piek-ud-fein_Weihnachtskleid_16-1024x768.jpg\" alt=\"r\u00fcckw\u00e4rtige Ansicht des Kleides\" width=\"891\" height=\"668\" srcset=\"http:\/\/piek-und-fein.de\/wp-content\/uploads\/2016\/12\/piek-ud-fein_Weihnachtskleid_16-1024x768.jpg 1024w, http:\/\/piek-und-fein.de\/wp-content\/uploads\/2016\/12\/piek-ud-fein_Weihnachtskleid_16-300x225.jpg 300w, http:\/\/piek-und-fein.de\/wp-content\/uploads\/2016\/12\/piek-ud-fein_Weihnachtskleid_16-768x576.jpg 768w, http:\/\/piek-und-fein.de\/wp-content\/uploads\/2016\/12\/piek-ud-fein_Weihnachtskleid_16.jpg 1632w\" sizes=\"auto, (max-width: 891px) 100vw, 891px\" \/><\/a><figcaption id=\"caption-attachment-577\" class=\"wp-caption-text\">N\u00e4chster Step: Rei\u00dfverschluss<\/figcaption><\/figure>\n<h2>Rei\u00dfverschluss einn\u00e4hen<\/h2>\n<p>Beim Einn\u00e4hen von nahtverdeckten Rei\u00dfverschl\u00fcssen gehe ich immer so vor: 1. Naht auf einem gro\u00dfen Stich schlie\u00dfen, 2. Rei\u00dfverschluss auf die Nahtzugabe legen und mit Reihgarn befestigen, 3. mit\u00a0dem Rei\u00dfverschlussfu\u00df auf der Nahtzugabe festn\u00e4hen, 4. Naht \u00f6ffnen und 5. mit dem Spezialfu\u00df f\u00fcr\u00a0nahtverdeckte Rei\u00dfverschl\u00fcsse ann\u00e4hen. Diese Methode funktioniert bei mir immer ganz gut.<\/p>\n<p>Die Soutache habe ich mit eingefasst &#8211; das Ergebnis zeige ich n\u00e4chste Woche beim Finale. Nat\u00fcrlich auch mit \u00c4rmeln.<\/p>\n<p>Jetzt erst mal einen sch\u00f6nen 4. Advent\u00a0und weiterhin viel Spa\u00df beim St\u00f6bern auf dem <a href=\"http:\/\/memademittwoch.blogspot.de\/\" target=\"_blank\">MeMadeMittwoch Blog<\/a>.<\/p>\n<p>Herzliche Gr\u00fc\u00dfe<\/p>\n<p>Eure Julia<\/p>\n<p><a href=\"http:\/\/piek-und-fein.de\/wp-content\/uploads\/2016\/11\/WKSA16-logo-stars-quadratisch.jpg\"><img loading=\"lazy\" decoding=\"async\" class=\"aligncenter size-full wp-image-538\" src=\"http:\/\/piek-und-fein.de\/wp-content\/uploads\/2016\/11\/WKSA16-logo-stars-quadratisch.jpg\" alt=\"wksa16-logo-stars-quadratisch\" width=\"320\" height=\"320\" srcset=\"http:\/\/piek-und-fein.de\/wp-content\/uploads\/2016\/11\/WKSA16-logo-stars-quadratisch.jpg 320w, http:\/\/piek-und-fein.de\/wp-content\/uploads\/2016\/11\/WKSA16-logo-stars-quadratisch-150x150.jpg 150w, http:\/\/piek-und-fein.de\/wp-content\/uploads\/2016\/11\/WKSA16-logo-stars-quadratisch-300x300.jpg 300w\" sizes=\"auto, (max-width: 320px) 100vw, 320px\" \/><\/a><\/p>\n<p>&nbsp;<\/p>\n","protected":false},"excerpt":{"rendered":"<p>Die Weihnachtskleid-N\u00e4herei geht weiter. Vielen Dank an dieser Stelle erst mal f\u00fcr Eure zahlreichen Tipps und Kommentare zu der Frage, ob Soutache oder Pailletten der&#8230;<\/p>\n<div class=\"more-link-wrapper\"><a class=\"more-link\" href=\"http:\/\/piek-und-fein.de\/?p=571\">Weiterlesen<span class=\"screen-reader-text\">In der Weihnachts-N\u00e4herei<\/span><\/a><\/div>\n","protected":false},"author":1,"featured_media":573,"comment_status":"open","ping_status":"open","sticky":false,"template":"","format":"standard","meta":{"footnotes":""},"categories":[1],"tags":[45,40,87,98,70,97,7,33,95,99,92],"class_list":["post-571","post","type-post","status-publish","format-standard","has-post-thumbnail","hentry","category-uncategorized","tag-burda","tag-burdastyle","tag-futter","tag-kellerfalte","tag-memademttwoch","tag-merinoschurwolle","tag-naehen","tag-schnittmuster","tag-soutache","tag-tropfenausschnitt","tag-weihnachtskleid","entry"],"_links":{"self":[{"href":"http:\/\/piek-und-fein.de\/index.php?rest_route=\/wp\/v2\/posts\/571","targetHints":{"allow":["GET"]}}],"collection":[{"href":"http:\/\/piek-und-fein.de\/index.php?rest_route=\/wp\/v2\/posts"}],"about":[{"href":"http:\/\/piek-und-fein.de\/index.php?rest_route=\/wp\/v2\/types\/post"}],"author":[{"embeddable":true,"href":"http:\/\/piek-und-fein.de\/index.php?rest_route=\/wp\/v2\/users\/1"}],"replies":[{"embeddable":true,"href":"http:\/\/piek-und-fein.de\/index.php?rest_route=%2Fwp%2Fv2%2Fcomments&post=571"}],"version-history":[{"count":5,"href":"http:\/\/piek-und-fein.de\/index.php?rest_route=\/wp\/v2\/posts\/571\/revisions"}],"predecessor-version":[{"id":581,"href":"http:\/\/piek-und-fein.de\/index.php?rest_route=\/wp\/v2\/posts\/571\/revisions\/581"}],"wp:featuredmedia":[{"embeddable":true,"href":"http:\/\/piek-und-fein.de\/index.php?rest_route=\/wp\/v2\/media\/573"}],"wp:attachment":[{"href":"http:\/\/piek-und-fein.de\/index.php?rest_route=%2Fwp%2Fv2%2Fmedia&parent=571"}],"wp:term":[{"taxonomy":"category","embeddable":true,"href":"http:\/\/piek-und-fein.de\/index.php?rest_route=%2Fwp%2Fv2%2Fcategories&post=571"},{"taxonomy":"post_tag","embeddable":true,"href":"http:\/\/piek-und-fein.de\/index.php?rest_route=%2Fwp%2Fv2%2Ftags&post=571"}],"curies":[{"name":"wp","href":"https:\/\/api.w.org\/{rel}","templated":true}]}}