{"id":3316,"date":"2024-12-01T12:32:30","date_gmt":"2024-12-01T11:32:30","guid":{"rendered":"http:\/\/piek-und-fein.de\/?p=3316"},"modified":"2024-12-01T12:32:32","modified_gmt":"2024-12-01T11:32:32","slug":"weihnachtskleid-sew-along-2024","status":"publish","type":"post","link":"https:\/\/piek-und-fein.de\/?p=3316","title":{"rendered":"Weihnachtskleid Sew Along 2024"},"content":{"rendered":"\n<p>Der Weihnachtskleid Sew Along ist f\u00fcr mich eine sch\u00f6ne Tradition, der ich auch in diesem Jahr mit Vergn\u00fcgen folge. <\/p>\n\n\n<div class=\"wp-block-image\">\n<figure class=\"aligncenter size-full\"><a href=\"http:\/\/piek-und-fein.de\/wp-content\/uploads\/2024\/12\/Bild-1.jpg\"><img loading=\"lazy\" decoding=\"async\" width=\"500\" height=\"500\" src=\"http:\/\/piek-und-fein.de\/wp-content\/uploads\/2024\/12\/Bild-1.jpg\" alt=\"\" class=\"wp-image-3318\" srcset=\"https:\/\/piek-und-fein.de\/wp-content\/uploads\/2024\/12\/Bild-1.jpg 500w, https:\/\/piek-und-fein.de\/wp-content\/uploads\/2024\/12\/Bild-1-300x300.jpg 300w, https:\/\/piek-und-fein.de\/wp-content\/uploads\/2024\/12\/Bild-1-150x150.jpg 150w\" sizes=\"auto, (max-width: 500px) 100vw, 500px\" \/><\/a><figcaption class=\"wp-element-caption\">Weihnachtskleid Sew Along 2024<\/figcaption><\/figure><\/div>\n\n\n<p>Durch dieses gemeinsame N\u00e4hevent beim MeMadeMittwoch sind in den letzten Jahren viele sch\u00f6ne Weihnachtsoutfits in meinem N\u00e4hzimmer entstanden, die ich auch bei Konzertbesuchen immer wieder gerne trage &#8211; zum Beispiel das Weihnachtskleid aus dem letzten Jahr.<\/p>\n\n\n\n<figure class=\"wp-block-image size-large\"><a href=\"http:\/\/piek-und-fein.de\/wp-content\/uploads\/2023\/12\/IMG_6421-scaled.jpeg\"><img loading=\"lazy\" decoding=\"async\" width=\"1024\" height=\"508\" src=\"http:\/\/piek-und-fein.de\/wp-content\/uploads\/2023\/12\/IMG_6421-1024x508.jpeg\" alt=\"\" class=\"wp-image-3185\" srcset=\"https:\/\/piek-und-fein.de\/wp-content\/uploads\/2023\/12\/IMG_6421-1024x508.jpeg 1024w, https:\/\/piek-und-fein.de\/wp-content\/uploads\/2023\/12\/IMG_6421-300x149.jpeg 300w, https:\/\/piek-und-fein.de\/wp-content\/uploads\/2023\/12\/IMG_6421-768x381.jpeg 768w, https:\/\/piek-und-fein.de\/wp-content\/uploads\/2023\/12\/IMG_6421-1536x762.jpeg 1536w, https:\/\/piek-und-fein.de\/wp-content\/uploads\/2023\/12\/IMG_6421-2048x1017.jpeg 2048w\" sizes=\"auto, (max-width: 1024px) 100vw, 1024px\" \/><\/a><figcaption class=\"wp-element-caption\">Weihnachtskleid 2023<\/figcaption><\/figure>\n\n\n\n<p>Wie schon 2023 habe ich mich auch in diesem Jahr von einem Stoff inspirieren lassen: Bei einem Trip nach Berlin fand ich vor einigen Wochen  (bei 1000Stoff) diese wundersch\u00f6ne Viskose, aus dem ich mein Weihnachtskleid n\u00e4hen werde.<\/p>\n\n\n<div class=\"wp-block-image\">\n<figure class=\"aligncenter size-large\"><a href=\"http:\/\/piek-und-fein.de\/wp-content\/uploads\/2024\/12\/IMG_8622-scaled.jpeg\"><img loading=\"lazy\" decoding=\"async\" width=\"1024\" height=\"768\" src=\"http:\/\/piek-und-fein.de\/wp-content\/uploads\/2024\/12\/IMG_8622-1024x768.jpeg\" alt=\"\" class=\"wp-image-3319\" srcset=\"https:\/\/piek-und-fein.de\/wp-content\/uploads\/2024\/12\/IMG_8622-1024x768.jpeg 1024w, https:\/\/piek-und-fein.de\/wp-content\/uploads\/2024\/12\/IMG_8622-300x225.jpeg 300w, https:\/\/piek-und-fein.de\/wp-content\/uploads\/2024\/12\/IMG_8622-768x576.jpeg 768w, https:\/\/piek-und-fein.de\/wp-content\/uploads\/2024\/12\/IMG_8622-1536x1152.jpeg 1536w, https:\/\/piek-und-fein.de\/wp-content\/uploads\/2024\/12\/IMG_8622-2048x1536.jpeg 2048w\" sizes=\"auto, (max-width: 1024px) 100vw, 1024px\" \/><\/a><figcaption class=\"wp-element-caption\">Der Stoff, aus dem Weihnachtskleider sind &#8230;<\/figcaption><\/figure><\/div>\n\n\n<p>Der dunkelblaue Stoff &#8211; ein Design\u00fcberhang aus dem Hause Givenchy &#8211; ist mit einem grafischen Muster bedruckt, das an Flammen erinnert. Ein so auff\u00e4lliger Stoff braucht keinen aufw\u00e4ndigen Schnitt. Ich habe mich f\u00fcr ein einfaches Schnittmuster von McCall&#8217;s (M8449) entschieden.<\/p>\n\n\n<div class=\"wp-block-image\">\n<figure class=\"aligncenter size-large\"><a href=\"http:\/\/piek-und-fein.de\/wp-content\/uploads\/2024\/12\/IMG_8607-scaled.jpeg\"><img loading=\"lazy\" decoding=\"async\" width=\"1024\" height=\"768\" src=\"http:\/\/piek-und-fein.de\/wp-content\/uploads\/2024\/12\/IMG_8607-1024x768.jpeg\" alt=\"\" class=\"wp-image-3320\" srcset=\"https:\/\/piek-und-fein.de\/wp-content\/uploads\/2024\/12\/IMG_8607-1024x768.jpeg 1024w, https:\/\/piek-und-fein.de\/wp-content\/uploads\/2024\/12\/IMG_8607-300x225.jpeg 300w, https:\/\/piek-und-fein.de\/wp-content\/uploads\/2024\/12\/IMG_8607-768x576.jpeg 768w, https:\/\/piek-und-fein.de\/wp-content\/uploads\/2024\/12\/IMG_8607-1536x1152.jpeg 1536w, https:\/\/piek-und-fein.de\/wp-content\/uploads\/2024\/12\/IMG_8607-2048x1536.jpeg 2048w\" sizes=\"auto, (max-width: 1024px) 100vw, 1024px\" \/><\/a><figcaption class=\"wp-element-caption\">Schnitt von McCalls<\/figcaption><\/figure><\/div>\n\n\n<p>Passend zur Jahreszeit soll es Variante B mit langen \u00c4rmeln werden. Die L\u00e4nge \u00fcbernehme ich von Modell C und hoffe, dass ich mit meinen drei Metern Stoff hinkommen werde. In der Schulter und an der Passe im R\u00fcckenteil wird der Stoff zusammengerafft. Es gibt Taschen in den Seitenn\u00e4hten, einen breiten G\u00fcrtel und eine Blende mit Kn\u00f6pfen. Diese hatte mich bei dem Schnittmuster besonders angesprochen, weil ich einen passenden Knopf auf Vorrat habe.<\/p>\n\n\n<div class=\"wp-block-image\">\n<figure class=\"aligncenter size-large is-resized\"><a href=\"http:\/\/piek-und-fein.de\/wp-content\/uploads\/2024\/12\/IMG_8623-scaled.jpeg\"><img loading=\"lazy\" decoding=\"async\" width=\"1024\" height=\"768\" src=\"http:\/\/piek-und-fein.de\/wp-content\/uploads\/2024\/12\/IMG_8623-1024x768.jpeg\" alt=\"\" class=\"wp-image-3321\" style=\"width:580px;height:auto\" srcset=\"https:\/\/piek-und-fein.de\/wp-content\/uploads\/2024\/12\/IMG_8623-1024x768.jpeg 1024w, https:\/\/piek-und-fein.de\/wp-content\/uploads\/2024\/12\/IMG_8623-300x225.jpeg 300w, https:\/\/piek-und-fein.de\/wp-content\/uploads\/2024\/12\/IMG_8623-768x576.jpeg 768w, https:\/\/piek-und-fein.de\/wp-content\/uploads\/2024\/12\/IMG_8623-1536x1152.jpeg 1536w, https:\/\/piek-und-fein.de\/wp-content\/uploads\/2024\/12\/IMG_8623-2048x1536.jpeg 2048w\" sizes=\"auto, (max-width: 1024px) 100vw, 1024px\" \/><\/a><figcaption class=\"wp-element-caption\">Knopfdetail<\/figcaption><\/figure><\/div>\n\n\n<p>Ob es dann ein Stehkragen wird oder ein normaler Kragen, wird sich zeigen.<\/p>\n\n\n\n<p>Jedenfalls f\u00fchle ich mich in diesem Jahr gut vorbereitet f\u00fcr den WKSA. Das sind doch gute Voraussetzungen f\u00fcr eine entspannte Vorweihnachtszeit.<\/p>\n\n\n\n<p>Nun bin ich gespannt auf die Projekte der Mitstreiterinnen. Danke an Astrid, unsere heutige Moderatorin beim <a href=\"https:\/\/memademittwoch.blogspot.com\/2024\/12\/wksa-2024-start-zum-weihnachtskleid.html\">MeMadeMittwoch<\/a>.<\/p>\n\n\n\n<p><strong>Einen sch\u00f6nen 1. Advent w\u00fcnscht<\/strong><\/p>\n\n\n\n<p><strong>Eure Julia<\/strong><\/p>\n\n\n\n<p>Beitrag enth\u00e4lt unbezahlte Werbung durch Markennennung und Verlinkung<\/p>\n","protected":false},"excerpt":{"rendered":"<p>Der Weihnachtskleid Sew Along ist f\u00fcr mich eine sch\u00f6ne Tradition, der ich auch in diesem Jahr mit Vergn\u00fcgen folge. Durch dieses gemeinsame N\u00e4hevent beim MeMadeMittwoch&#8230;<\/p>\n<div class=\"more-link-wrapper\"><a class=\"more-link\" href=\"https:\/\/piek-und-fein.de\/?p=3316\">Weiterlesen<span class=\"screen-reader-text\">Weihnachtskleid Sew Along 2024<\/span><\/a><\/div>\n","protected":false},"author":1,"featured_media":3320,"comment_status":"open","ping_status":"open","sticky":false,"template":"","format":"standard","meta":{"footnotes":""},"categories":[1],"tags":[67,7,92],"class_list":["post-3316","post","type-post","status-publish","format-standard","has-post-thumbnail","hentry","category-uncategorized","tag-memademittwoch","tag-naehen","tag-weihnachtskleid","entry"],"_links":{"self":[{"href":"https:\/\/piek-und-fein.de\/index.php?rest_route=\/wp\/v2\/posts\/3316","targetHints":{"allow":["GET"]}}],"collection":[{"href":"https:\/\/piek-und-fein.de\/index.php?rest_route=\/wp\/v2\/posts"}],"about":[{"href":"https:\/\/piek-und-fein.de\/index.php?rest_route=\/wp\/v2\/types\/post"}],"author":[{"embeddable":true,"href":"https:\/\/piek-und-fein.de\/index.php?rest_route=\/wp\/v2\/users\/1"}],"replies":[{"embeddable":true,"href":"https:\/\/piek-und-fein.de\/index.php?rest_route=%2Fwp%2Fv2%2Fcomments&post=3316"}],"version-history":[{"count":2,"href":"https:\/\/piek-und-fein.de\/index.php?rest_route=\/wp\/v2\/posts\/3316\/revisions"}],"predecessor-version":[{"id":3323,"href":"https:\/\/piek-und-fein.de\/index.php?rest_route=\/wp\/v2\/posts\/3316\/revisions\/3323"}],"wp:featuredmedia":[{"embeddable":true,"href":"https:\/\/piek-und-fein.de\/index.php?rest_route=\/wp\/v2\/media\/3320"}],"wp:attachment":[{"href":"https:\/\/piek-und-fein.de\/index.php?rest_route=%2Fwp%2Fv2%2Fmedia&parent=3316"}],"wp:term":[{"taxonomy":"category","embeddable":true,"href":"https:\/\/piek-und-fein.de\/index.php?rest_route=%2Fwp%2Fv2%2Fcategories&post=3316"},{"taxonomy":"post_tag","embeddable":true,"href":"https:\/\/piek-und-fein.de\/index.php?rest_route=%2Fwp%2Fv2%2Ftags&post=3316"}],"curies":[{"name":"wp","href":"https:\/\/api.w.org\/{rel}","templated":true}]}}