{"id":3375,"date":"2025-05-07T07:46:00","date_gmt":"2025-05-07T06:46:00","guid":{"rendered":"http:\/\/piek-und-fein.de\/?p=3375"},"modified":"2025-05-07T07:46:01","modified_gmt":"2025-05-07T06:46:01","slug":"the-sanda-merchant-mills","status":"publish","type":"post","link":"https:\/\/piek-und-fein.de\/?p=3375","title":{"rendered":"The Sanda (Merchant &amp; Mills)"},"content":{"rendered":"\n<p>Um den Jackenschnitt <a href=\"https:\/\/merchantandmills.com\/rw\/the-sanda-pattern\" data-type=\"link\" data-id=\"https:\/\/merchantandmills.com\/rw\/the-sanda-pattern\">&#8222;The Sanda&#8220;<\/a> von Merchant &amp; Mills bin ich schon seit einiger Zeit herumgeschlichen und habe mir jetzt das Papierschnittmuster geg\u00f6nnt. Leider ist es mit 19,50 Pfund <span style=\"font-size: revert;\">nicht ganz g\u00fcnstig &#8211; aber es beinhaltet auch eine Mantelversion.<\/span> <\/p>\n\n\n\n<figure class=\"wp-block-image size-full is-resized\"><a href=\"http:\/\/piek-und-fein.de\/wp-content\/uploads\/2025\/05\/IMG_9473.jpg\"><img loading=\"lazy\" decoding=\"async\" width=\"828\" height=\"558\" src=\"http:\/\/piek-und-fein.de\/wp-content\/uploads\/2025\/05\/IMG_9473.jpg\" alt=\"\" class=\"wp-image-3376\" style=\"width:580px;height:auto\" srcset=\"https:\/\/piek-und-fein.de\/wp-content\/uploads\/2025\/05\/IMG_9473.jpg 828w, https:\/\/piek-und-fein.de\/wp-content\/uploads\/2025\/05\/IMG_9473-300x202.jpg 300w, https:\/\/piek-und-fein.de\/wp-content\/uploads\/2025\/05\/IMG_9473-768x518.jpg 768w\" sizes=\"auto, (max-width: 828px) 100vw, 828px\" \/><\/a><figcaption class=\"wp-element-caption\">Technische Zeichnung: &#8222;The Sanda&#8220; &#8211; Merchant &amp; Mills<\/figcaption><\/figure>\n\n\n\n<p><\/p>\n\n\n\n<h2 class=\"wp-block-heading\">Der Schnitt<\/h2>\n\n\n\n<p>&#8222;The Sanda&#8220; ist eine oversized geschnittene Jacke (oder Mantel) mit stark \u00fcberschrittenen Schultern und einem runden Kragen. Eine Schulternaht fehlt. Stattdessen geht das Vorderteil in eine Passe \u00fcber, die mit einer Mittelnaht im R\u00fccken geschlossen wird. Man kann die Jacke f\u00fcttern &#8211; hierzu gibt es einen extra Futterschnitt. Da ich einen Steppstoff mit zwei sch\u00f6nen Seiten gekauft habe, konnte ich auf das Futter verzichten. <\/p>\n\n\n<div class=\"wp-block-image\">\n<figure class=\"aligncenter size-large\"><a href=\"http:\/\/piek-und-fein.de\/wp-content\/uploads\/2025\/05\/IMG_9472-scaled.jpeg\"><img loading=\"lazy\" decoding=\"async\" width=\"1024\" height=\"768\" src=\"http:\/\/piek-und-fein.de\/wp-content\/uploads\/2025\/05\/IMG_9472-1024x768.jpeg\" alt=\"\" class=\"wp-image-3377\" srcset=\"https:\/\/piek-und-fein.de\/wp-content\/uploads\/2025\/05\/IMG_9472-1024x768.jpeg 1024w, https:\/\/piek-und-fein.de\/wp-content\/uploads\/2025\/05\/IMG_9472-300x225.jpeg 300w, https:\/\/piek-und-fein.de\/wp-content\/uploads\/2025\/05\/IMG_9472-768x576.jpeg 768w, https:\/\/piek-und-fein.de\/wp-content\/uploads\/2025\/05\/IMG_9472-1536x1152.jpeg 1536w, https:\/\/piek-und-fein.de\/wp-content\/uploads\/2025\/05\/IMG_9472-2048x1536.jpeg 2048w\" sizes=\"auto, (max-width: 1024px) 100vw, 1024px\" \/><\/a><figcaption class=\"wp-element-caption\">Papierschnittmuster von Merchhant &amp; Mills<\/figcaption><\/figure><\/div>\n\n\n<h2 class=\"wp-block-heading\">Der Stoff<\/h2>\n\n\n\n<p>F\u00fcr den Schnitt eignen sich laut Hersteller verschiedene Materialien, wie zum Beispiel Oilskin, Leinen, Denim, Wolle, Cord &#8230; Das Original auf dem Foto (siehe oben) ist aus Jaquard Baumwollstoff von Merchant &amp; Mills gen\u00e4ht. Ich habe den Stoff schon einmal in der Hand gehabt. Er f\u00fchlte sich sch\u00f6n weich und griffig an. Allerdings waren mir 38 \u20ac f\u00fcr den Meter zu teuer, zumal ich geh\u00f6rt habe, dass die Stoffqualit\u00e4t in Punkto Lichtechtheit nicht besonders gut sein soll. Hat jemand Erfahrungen mit diesem Stoff? <\/p>\n\n\n\n<p>In Gr\u00f6\u00dfe 10 werden &#8211; je nach Stoffbreite &#8211; zwischen 2,1 m und 2,3 m ben\u00f6tigt. Im \u00f6rtlichen Stoffgesch\u00e4ft <a href=\"https:\/\/marieskit.com\" data-type=\"link\" data-id=\"https:\/\/marieskit.com\">Maries Kit<\/a> fand ich einen sch\u00f6nen, fr\u00fchlingshaften Steppstoff von KOKKA Nani IRO (f\u00fcr 21 Euro pro Meter). Da die Schnittf\u00fchrung f\u00fcr mich eine japanische Anmutung hat, fand ich das ganz passend. Das feine Gewebe ist mit floralen Motiven in wei\u00df, gelb, hellblau und pink bedruckt. Ist das nicht ein Tr\u00e4umchen?<\/p>\n\n\n<div class=\"wp-block-image\">\n<figure class=\"aligncenter size-large\"><a href=\"http:\/\/piek-und-fein.de\/wp-content\/uploads\/2025\/05\/IMG_9461-scaled.jpeg\"><img loading=\"lazy\" decoding=\"async\" width=\"768\" height=\"1024\" src=\"http:\/\/piek-und-fein.de\/wp-content\/uploads\/2025\/05\/IMG_9461-768x1024.jpeg\" alt=\"\" class=\"wp-image-3380\" srcset=\"https:\/\/piek-und-fein.de\/wp-content\/uploads\/2025\/05\/IMG_9461-768x1024.jpeg 768w, https:\/\/piek-und-fein.de\/wp-content\/uploads\/2025\/05\/IMG_9461-225x300.jpeg 225w, https:\/\/piek-und-fein.de\/wp-content\/uploads\/2025\/05\/IMG_9461-1152x1536.jpeg 1152w, https:\/\/piek-und-fein.de\/wp-content\/uploads\/2025\/05\/IMG_9461-1536x2048.jpeg 1536w, https:\/\/piek-und-fein.de\/wp-content\/uploads\/2025\/05\/IMG_9461-scaled.jpeg 1920w\" sizes=\"auto, (max-width: 768px) 100vw, 768px\" \/><\/a><figcaption class=\"wp-element-caption\">The Sanda &#8211; Merchant &#038; Mills<\/figcaption><\/figure><\/div>\n\n\n<p>Der Stoff ist weich, hat aber Stand. Er besteht aus einer Schicht bedruckter Double Gauze, einer Lage Steppvlies und einem d\u00fcnnen Baumwollgewebe auf der Abseite. Durch gerade Steppn\u00e4hte werden diese Schichten zusammengehalten. F\u00fcr einige Verarbeitungsschritte habe ich den Stoff auseinandergenommen, wie auf dem Foto zu sehen. Zum Gl\u00fcck war es kein Problem, das Garn vorsichtig herauszuziehen.<\/p>\n\n\n<div class=\"wp-block-image\">\n<figure class=\"aligncenter size-large\"><a href=\"http:\/\/piek-und-fein.de\/wp-content\/uploads\/2025\/05\/IMG_9425-scaled.jpeg\"><img loading=\"lazy\" decoding=\"async\" width=\"1024\" height=\"768\" src=\"http:\/\/piek-und-fein.de\/wp-content\/uploads\/2025\/05\/IMG_9425-1024x768.jpeg\" alt=\"\" class=\"wp-image-3382\" srcset=\"https:\/\/piek-und-fein.de\/wp-content\/uploads\/2025\/05\/IMG_9425-1024x768.jpeg 1024w, https:\/\/piek-und-fein.de\/wp-content\/uploads\/2025\/05\/IMG_9425-300x225.jpeg 300w, https:\/\/piek-und-fein.de\/wp-content\/uploads\/2025\/05\/IMG_9425-768x576.jpeg 768w, https:\/\/piek-und-fein.de\/wp-content\/uploads\/2025\/05\/IMG_9425-1536x1152.jpeg 1536w, https:\/\/piek-und-fein.de\/wp-content\/uploads\/2025\/05\/IMG_9425-2048x1536.jpeg 2048w\" sizes=\"auto, (max-width: 1024px) 100vw, 1024px\" \/><\/a><figcaption class=\"wp-element-caption\">Vielschichtiger Stoff <\/figcaption><\/figure><\/div>\n\n\n<p><\/p>\n\n\n\n<h2 class=\"wp-block-heading\">Die Verarbeitung<\/h2>\n\n\n\n<p>Zu dem Schnittmuster gibt es eine ausf\u00fchrliche bebilderte N\u00e4hanleitung. Man sollte sich aber meines Erachtens &#8211; und das gilt f\u00fcr alle N\u00e4hprojekte &#8211; nicht sklavisch an die Anleitung halten, sondern sich erst mal Gedanken \u00fcber die Materialeigenschaften machen. Es macht ja einen gro\u00dfen Unterschied, ob man ein Kleidungsst\u00fcck aus Leinen, Denim, Wolle oder Steppstoff n\u00e4ht.<\/p>\n\n\n\n<p>Da mein Steppstoff ein gewisses Volumen hat, habe ich den <strong>Beleg <\/strong>direkt an das Vorderteil angeschnitten und mir auf diese Weise eine knubbelige Naht gespart. Der Bruch liegt genau in der Stepplinie..<\/p>\n\n\n<div class=\"wp-block-image\">\n<figure class=\"aligncenter size-large\"><a href=\"http:\/\/piek-und-fein.de\/wp-content\/uploads\/2025\/05\/IMG_9342-scaled.jpeg\"><img loading=\"lazy\" decoding=\"async\" width=\"1024\" height=\"768\" src=\"http:\/\/piek-und-fein.de\/wp-content\/uploads\/2025\/05\/IMG_9342-1024x768.jpeg\" alt=\"\" class=\"wp-image-3379\" srcset=\"https:\/\/piek-und-fein.de\/wp-content\/uploads\/2025\/05\/IMG_9342-1024x768.jpeg 1024w, https:\/\/piek-und-fein.de\/wp-content\/uploads\/2025\/05\/IMG_9342-300x225.jpeg 300w, https:\/\/piek-und-fein.de\/wp-content\/uploads\/2025\/05\/IMG_9342-768x576.jpeg 768w, https:\/\/piek-und-fein.de\/wp-content\/uploads\/2025\/05\/IMG_9342-1536x1152.jpeg 1536w, https:\/\/piek-und-fein.de\/wp-content\/uploads\/2025\/05\/IMG_9342-2048x1536.jpeg 2048w\" sizes=\"auto, (max-width: 1024px) 100vw, 1024px\" \/><\/a><\/figure><\/div>\n\n\n<p>Hier muss man nat\u00fcrlich darauf achten, die enthaltene Nahtzugabe von 1 cm an der Kante vom Vorderteil und vom Beleg abzuziehen. Auf Vlieseline im Beleg habe ich bei diesem Steppstoff verzichtet.<\/p>\n\n\n\n<p>Auch bei der Kragenverarbeitung war mir wichtig, dass der <strong>Kragen<\/strong> nicht zu dick wird und sich sch\u00f6n legt. Daher habe ich nur den Oberkragen aus dem Stepp zugeschnitten und f\u00fcr den Unterkragen eine herausgetrennte d\u00fcnne Stofflage genommen. <\/p>\n\n\n<div class=\"wp-block-image\">\n<figure class=\"aligncenter size-large\"><a href=\"http:\/\/piek-und-fein.de\/wp-content\/uploads\/2025\/05\/IMG_9419-scaled.jpeg\"><img loading=\"lazy\" decoding=\"async\" width=\"1024\" height=\"768\" src=\"http:\/\/piek-und-fein.de\/wp-content\/uploads\/2025\/05\/IMG_9419-1024x768.jpeg\" alt=\"\" class=\"wp-image-3385\" srcset=\"https:\/\/piek-und-fein.de\/wp-content\/uploads\/2025\/05\/IMG_9419-1024x768.jpeg 1024w, https:\/\/piek-und-fein.de\/wp-content\/uploads\/2025\/05\/IMG_9419-300x225.jpeg 300w, https:\/\/piek-und-fein.de\/wp-content\/uploads\/2025\/05\/IMG_9419-768x576.jpeg 768w, https:\/\/piek-und-fein.de\/wp-content\/uploads\/2025\/05\/IMG_9419-1536x1152.jpeg 1536w, https:\/\/piek-und-fein.de\/wp-content\/uploads\/2025\/05\/IMG_9419-2048x1536.jpeg 2048w\" sizes=\"auto, (max-width: 1024px) 100vw, 1024px\" \/><\/a><figcaption class=\"wp-element-caption\">Kragenverarbeitung mit Spiegel naht<\/figcaption><\/figure><\/div>\n\n\n<p>Auch bei den <strong>Paspelknopfl\u00f6chern<\/strong> habe ich mit den d\u00fcnnen Stofflagen gearbeitet, die ich hier noch mit Vlieseline verst\u00e4rkt habe.<\/p>\n\n\n\n<figure class=\"wp-block-image size-large\"><a href=\"http:\/\/piek-und-fein.de\/wp-content\/uploads\/2025\/05\/IMG_9427-scaled.jpeg\"><img loading=\"lazy\" decoding=\"async\" width=\"1024\" height=\"768\" src=\"http:\/\/piek-und-fein.de\/wp-content\/uploads\/2025\/05\/IMG_9427-1024x768.jpeg\" alt=\"\" class=\"wp-image-3384\" srcset=\"https:\/\/piek-und-fein.de\/wp-content\/uploads\/2025\/05\/IMG_9427-1024x768.jpeg 1024w, https:\/\/piek-und-fein.de\/wp-content\/uploads\/2025\/05\/IMG_9427-300x225.jpeg 300w, https:\/\/piek-und-fein.de\/wp-content\/uploads\/2025\/05\/IMG_9427-768x576.jpeg 768w, https:\/\/piek-und-fein.de\/wp-content\/uploads\/2025\/05\/IMG_9427-1536x1152.jpeg 1536w, https:\/\/piek-und-fein.de\/wp-content\/uploads\/2025\/05\/IMG_9427-2048x1536.jpeg 2048w\" sizes=\"auto, (max-width: 1024px) 100vw, 1024px\" \/><\/a><\/figure>\n\n\n\n<p><\/p>\n\n\n<div class=\"wp-block-image\">\n<figure class=\"aligncenter size-large\"><a href=\"http:\/\/piek-und-fein.de\/wp-content\/uploads\/2025\/05\/IMG_9457-scaled.jpeg\"><img loading=\"lazy\" decoding=\"async\" width=\"1024\" height=\"925\" src=\"http:\/\/piek-und-fein.de\/wp-content\/uploads\/2025\/05\/IMG_9457-1024x925.jpeg\" alt=\"\" class=\"wp-image-3390\" srcset=\"https:\/\/piek-und-fein.de\/wp-content\/uploads\/2025\/05\/IMG_9457-1024x925.jpeg 1024w, https:\/\/piek-und-fein.de\/wp-content\/uploads\/2025\/05\/IMG_9457-300x271.jpeg 300w, https:\/\/piek-und-fein.de\/wp-content\/uploads\/2025\/05\/IMG_9457-768x694.jpeg 768w, https:\/\/piek-und-fein.de\/wp-content\/uploads\/2025\/05\/IMG_9457-1536x1388.jpeg 1536w, https:\/\/piek-und-fein.de\/wp-content\/uploads\/2025\/05\/IMG_9457-2048x1850.jpeg 2048w\" sizes=\"auto, (max-width: 1024px) 100vw, 1024px\" \/><\/a><figcaption class=\"wp-element-caption\">The Sanda mit Paspelknopfl\u00f6chern<\/figcaption><\/figure><\/div>\n\n\n<p><\/p>\n\n\n\n<p>Die vorgesehenen aufgesetzten Taschen habe ich weggelassen &#8211; sie wirkten aus dem Steppstoff zu wuchtig. Gleiches gilt f\u00fcr die \u00c4rmelaufschl\u00e4ge, auf die ich ebenfalls verzichtet habe. Letztlich wirkt die Jacke durch den Stoff.<\/p>\n\n\n\n<p>Und das Innenleben? Hier habe ich mit Overlockn\u00e4hten gearbeitet, den Jackensaum und den Beleg aber mit farblich passendem Schr\u00e4gstreigen vers\u00e4ubert.<\/p>\n\n\n<div class=\"wp-block-image\">\n<figure class=\"aligncenter size-large\"><a href=\"http:\/\/piek-und-fein.de\/wp-content\/uploads\/2025\/05\/IMG_9507-scaled.jpeg\"><img loading=\"lazy\" decoding=\"async\" width=\"1024\" height=\"768\" src=\"http:\/\/piek-und-fein.de\/wp-content\/uploads\/2025\/05\/IMG_9507-1024x768.jpeg\" alt=\"\" class=\"wp-image-3393\" srcset=\"https:\/\/piek-und-fein.de\/wp-content\/uploads\/2025\/05\/IMG_9507-1024x768.jpeg 1024w, https:\/\/piek-und-fein.de\/wp-content\/uploads\/2025\/05\/IMG_9507-300x225.jpeg 300w, https:\/\/piek-und-fein.de\/wp-content\/uploads\/2025\/05\/IMG_9507-768x576.jpeg 768w, https:\/\/piek-und-fein.de\/wp-content\/uploads\/2025\/05\/IMG_9507-1536x1152.jpeg 1536w, https:\/\/piek-und-fein.de\/wp-content\/uploads\/2025\/05\/IMG_9507-2048x1536.jpeg 2048w\" sizes=\"auto, (max-width: 1024px) 100vw, 1024px\" \/><\/a><figcaption class=\"wp-element-caption\">Innenleben <\/figcaption><\/figure><\/div>\n\n\n<p><\/p>\n\n\n\n<h2 class=\"wp-block-heading\">Die Passform<\/h2>\n\n\n\n<p>Meine Jacke habe ich \u00fcbrigens in Gr\u00f6\u00dfe 10 gen\u00e4ht. <div>Laut Ma\u00dftabelle h\u00e4tte es die 12 sein sollen &#8211; aber der Schnitt ist so weit, dass ich mich f\u00fcr die kleinere Gr\u00f6\u00dfe entschieden habe. Vor allem im R\u00fcckenteil steckt viel Weite. Schaut Euch bei der Gr\u00f6\u00dfenauswahl also am besten die Fertigma\u00dfe an.<\/div><\/p>\n\n\n<div class=\"wp-block-image\">\n<figure class=\"aligncenter size-large\"><a href=\"http:\/\/piek-und-fein.de\/wp-content\/uploads\/2025\/05\/IMG_9447-scaled.jpeg\"><img loading=\"lazy\" decoding=\"async\" width=\"929\" height=\"1024\" src=\"http:\/\/piek-und-fein.de\/wp-content\/uploads\/2025\/05\/IMG_9447-929x1024.jpeg\" alt=\"\" class=\"wp-image-3386\" srcset=\"https:\/\/piek-und-fein.de\/wp-content\/uploads\/2025\/05\/IMG_9447-929x1024.jpeg 929w, https:\/\/piek-und-fein.de\/wp-content\/uploads\/2025\/05\/IMG_9447-272x300.jpeg 272w, https:\/\/piek-und-fein.de\/wp-content\/uploads\/2025\/05\/IMG_9447-768x847.jpeg 768w, https:\/\/piek-und-fein.de\/wp-content\/uploads\/2025\/05\/IMG_9447-1393x1536.jpeg 1393w, https:\/\/piek-und-fein.de\/wp-content\/uploads\/2025\/05\/IMG_9447-1858x2048.jpeg 1858w\" sizes=\"auto, (max-width: 929px) 100vw, 929px\" \/><\/a><figcaption class=\"wp-element-caption\">Seitenansicht: The Sanda<\/figcaption><\/figure><\/div>\n\n\n<p>The Sanda ist \u00fcbrigens sehr kurz geschnitten &#8211; ich habe einige Zentimeter am Saum dazu gegeben.<\/p>\n\n\n<div class=\"wp-block-image\">\n<figure class=\"aligncenter size-large\"><a href=\"http:\/\/piek-und-fein.de\/wp-content\/uploads\/2025\/05\/IMG_9468-scaled.jpeg\"><img loading=\"lazy\" decoding=\"async\" width=\"999\" height=\"1024\" src=\"http:\/\/piek-und-fein.de\/wp-content\/uploads\/2025\/05\/IMG_9468-999x1024.jpeg\" alt=\"\" class=\"wp-image-3387\" srcset=\"https:\/\/piek-und-fein.de\/wp-content\/uploads\/2025\/05\/IMG_9468-999x1024.jpeg 999w, https:\/\/piek-und-fein.de\/wp-content\/uploads\/2025\/05\/IMG_9468-293x300.jpeg 293w, https:\/\/piek-und-fein.de\/wp-content\/uploads\/2025\/05\/IMG_9468-768x788.jpeg 768w, https:\/\/piek-und-fein.de\/wp-content\/uploads\/2025\/05\/IMG_9468-1498x1536.jpeg 1498w, https:\/\/piek-und-fein.de\/wp-content\/uploads\/2025\/05\/IMG_9468-1997x2048.jpeg 1997w\" sizes=\"auto, (max-width: 999px) 100vw, 999px\" \/><\/a><figcaption class=\"wp-element-caption\">R\u00fcckenansicht: The Sanda<\/figcaption><\/figure><\/div>\n\n\n<p>Ich kann mir gut vorstellen, den Schnitt noch einmal zu n\u00e4hen. Er hat ganz gut funktioniert und ist leicht zu n\u00e4hen.<\/p>\n\n\n\n<p>Wie gef\u00e4llt Euch das Schnittmuster? <\/p>\n\n\n\n<p><strong>Herzliche Gr\u00fc\u00dfe und danke an das <a href=\"https:\/\/memademittwoch.blogspot.com\/2025\/05\/memademittwoch-am-07-mai.html\">MeMadeMittwoch<\/a>-Team!<\/strong> Gastgeberin Dana stellt heute ebenfalls einen tollen Jackenschnitt vor. <\/p>\n\n\n\n<p><strong>Eure Julia<\/strong><\/p>\n\n\n\n<p>Der Beitrag enth\u00e4lt unbezahlte Werbung und Markennennung!<\/p>\n","protected":false},"excerpt":{"rendered":"<p>Um den Jackenschnitt &#8222;The Sanda&#8220; von Merchant &amp; Mills bin ich schon seit einiger Zeit herumgeschlichen und habe mir jetzt das Papierschnittmuster geg\u00f6nnt. Leider ist&#8230;<\/p>\n<div class=\"more-link-wrapper\"><a class=\"more-link\" href=\"https:\/\/piek-und-fein.de\/?p=3375\">Weiterlesen<span class=\"screen-reader-text\">The Sanda (Merchant &amp; Mills)<\/span><\/a><\/div>\n","protected":false},"author":1,"featured_media":3380,"comment_status":"open","ping_status":"open","sticky":false,"template":"","format":"standard","meta":{"footnotes":""},"categories":[1],"tags":[251,405,67,485,498,497,33,496],"class_list":["post-3375","post","type-post","status-publish","format-standard","has-post-thumbnail","hentry","category-uncategorized","tag-jacke","tag-japanische-schnittmuster","tag-memademittwoch","tag-merchant-mills","tag-merchantandmills","tag-mmsanda","tag-schnittmuster","tag-the-sanda","entry"],"_links":{"self":[{"href":"https:\/\/piek-und-fein.de\/index.php?rest_route=\/wp\/v2\/posts\/3375","targetHints":{"allow":["GET"]}}],"collection":[{"href":"https:\/\/piek-und-fein.de\/index.php?rest_route=\/wp\/v2\/posts"}],"about":[{"href":"https:\/\/piek-und-fein.de\/index.php?rest_route=\/wp\/v2\/types\/post"}],"author":[{"embeddable":true,"href":"https:\/\/piek-und-fein.de\/index.php?rest_route=\/wp\/v2\/users\/1"}],"replies":[{"embeddable":true,"href":"https:\/\/piek-und-fein.de\/index.php?rest_route=%2Fwp%2Fv2%2Fcomments&post=3375"}],"version-history":[{"count":7,"href":"https:\/\/piek-und-fein.de\/index.php?rest_route=\/wp\/v2\/posts\/3375\/revisions"}],"predecessor-version":[{"id":3394,"href":"https:\/\/piek-und-fein.de\/index.php?rest_route=\/wp\/v2\/posts\/3375\/revisions\/3394"}],"wp:featuredmedia":[{"embeddable":true,"href":"https:\/\/piek-und-fein.de\/index.php?rest_route=\/wp\/v2\/media\/3380"}],"wp:attachment":[{"href":"https:\/\/piek-und-fein.de\/index.php?rest_route=%2Fwp%2Fv2%2Fmedia&parent=3375"}],"wp:term":[{"taxonomy":"category","embeddable":true,"href":"https:\/\/piek-und-fein.de\/index.php?rest_route=%2Fwp%2Fv2%2Fcategories&post=3375"},{"taxonomy":"post_tag","embeddable":true,"href":"https:\/\/piek-und-fein.de\/index.php?rest_route=%2Fwp%2Fv2%2Ftags&post=3375"}],"curies":[{"name":"wp","href":"https:\/\/api.w.org\/{rel}","templated":true}]}}