{"id":3409,"date":"2025-12-07T17:59:02","date_gmt":"2025-12-07T16:59:02","guid":{"rendered":"https:\/\/piek-und-fein.de\/?p=3409"},"modified":"2025-12-07T18:15:56","modified_gmt":"2025-12-07T17:15:56","slug":"weihnachtskleid-sew-along-zwischenstand","status":"publish","type":"post","link":"https:\/\/piek-und-fein.de\/?p=3409","title":{"rendered":"Weihnachtskleid Sew Along &#8211; Zwischenstand"},"content":{"rendered":"\n<p>Zweites Treffen beim Weihnachtskleid Sew Along! Mein diesj\u00e4hriges Projekt hatte ich letzte Woche vorgestellt: Ein l\u00e4ssiges Kleid aus dem Burdastyle Weihnachtsheft (12\/2025, Mod. 104), das eigentlich leicht zu n\u00e4hen sein sollte.<\/p>\n\n\n\n<p>Mein Stoff f\u00fcr das Weihnachtskleid 2025: ein (gut abgelagertes) Urlaubsmitbringsel von <a href=\"https:\/\/www.moodfabrics.com\/new-york-store\">MOOD Fabrics<\/a> in New York. Den feinen Seidenjaquard mit Pudelmuster wollte ich nicht anschneiden, ohne auf Nummer sicher zu gehen. Wie sich herausgestellt hat, war diese Entscheidung goldrichtig!!<\/p>\n\n\n<div class=\"wp-block-image\">\n<figure class=\"aligncenter size-large\"><a href=\"http:\/\/piek-und-fein.de\/wp-content\/uploads\/2025\/11\/IMG_0891-scaled.jpeg\"><img loading=\"lazy\" decoding=\"async\" width=\"1024\" height=\"768\" src=\"http:\/\/piek-und-fein.de\/wp-content\/uploads\/2025\/11\/IMG_0891-1024x768.jpeg\" alt=\"\" class=\"wp-image-3404\" srcset=\"https:\/\/piek-und-fein.de\/wp-content\/uploads\/2025\/11\/IMG_0891-1024x768.jpeg 1024w, https:\/\/piek-und-fein.de\/wp-content\/uploads\/2025\/11\/IMG_0891-300x225.jpeg 300w, https:\/\/piek-und-fein.de\/wp-content\/uploads\/2025\/11\/IMG_0891-768x576.jpeg 768w, https:\/\/piek-und-fein.de\/wp-content\/uploads\/2025\/11\/IMG_0891-1536x1152.jpeg 1536w, https:\/\/piek-und-fein.de\/wp-content\/uploads\/2025\/11\/IMG_0891-2048x1536.jpeg 2048w\" sizes=\"auto, (max-width: 1024px) 100vw, 1024px\" \/><\/a><\/figure><\/div>\n\n\n<p>Inzwischen habe ich n\u00e4mlich ein Probekleid (aus einer roten Viskose) gen\u00e4ht und dabei einige Erkenntnisse gesammelt:<\/p>\n\n\n\n<ul class=\"wp-block-list\">\n<li>Halsausschnitt:&nbsp;<\/li>\n<\/ul>\n\n\n\n<p>Auf dem Foto in der Zeitschrift wird der Ausschnitt von einem dicken Schal verdeckt. Da in der Beschreibung von einem \u201eU-Boot-Ausschnitt\u201c die Rede ist, war ich in Sachen Passform etwas unsicher. H\u00e4ufig sind mir diese Ausschnitte zu weit. An der Stelle kann ich Entwarnung geben &#8211; alles wunderbar!<\/p>\n\n\n<div class=\"wp-block-image\">\n<figure class=\"aligncenter size-large is-resized\"><a href=\"https:\/\/piek-und-fein.de\/wp-content\/uploads\/2025\/12\/IMG_0915-scaled.jpeg\"><img loading=\"lazy\" decoding=\"async\" width=\"768\" height=\"1024\" src=\"https:\/\/piek-und-fein.de\/wp-content\/uploads\/2025\/12\/IMG_0915-768x1024.jpeg\" alt=\"\" class=\"wp-image-3410\" style=\"width:440px;height:auto\" srcset=\"https:\/\/piek-und-fein.de\/wp-content\/uploads\/2025\/12\/IMG_0915-768x1024.jpeg 768w, https:\/\/piek-und-fein.de\/wp-content\/uploads\/2025\/12\/IMG_0915-225x300.jpeg 225w, https:\/\/piek-und-fein.de\/wp-content\/uploads\/2025\/12\/IMG_0915-1152x1536.jpeg 1152w, https:\/\/piek-und-fein.de\/wp-content\/uploads\/2025\/12\/IMG_0915-1536x2048.jpeg 1536w, https:\/\/piek-und-fein.de\/wp-content\/uploads\/2025\/12\/IMG_0915-scaled.jpeg 1920w\" sizes=\"auto, (max-width: 768px) 100vw, 768px\" \/><\/a><\/figure><\/div>\n\n\n<ul class=\"wp-block-list\">\n<li>Passe mit angekr\u00e4useltem Oberteil:<\/li>\n<\/ul>\n\n\n\n<p>Bei den F\u00e4ltchen unterhalb der Passe hatte ich aufgrund der Abbildung im Heft mehr Volumen erwartet. Es wird auf der ganzen Strecke eingekr\u00e4uselt, was ich mithilfe von 2 Steppn\u00e4hten umgesetzt habe. Ob das am Stoff liegt, dass die Kr\u00e4uselung hier nicht so plastisch wirkt wie im Burdaheft? Hat jemand eine Idee dazu?<\/p>\n\n\n\n<p>Beim Pudelstoff werden die F\u00e4ltchen vermutlich ohnehin durch das Muster \u00fcberdeckt. Eigentlich reicht die Kr\u00e4uselung ja auch aus, mich irritiert nur die Darstellung in der Burda.<\/p>\n\n\n<div class=\"wp-block-image\">\n<figure class=\"aligncenter size-large\"><a href=\"https:\/\/piek-und-fein.de\/wp-content\/uploads\/2025\/12\/IMG_0905-scaled.jpeg\"><img loading=\"lazy\" decoding=\"async\" width=\"1024\" height=\"768\" src=\"https:\/\/piek-und-fein.de\/wp-content\/uploads\/2025\/12\/IMG_0905-1024x768.jpeg\" alt=\"\" class=\"wp-image-3415\" srcset=\"https:\/\/piek-und-fein.de\/wp-content\/uploads\/2025\/12\/IMG_0905-1024x768.jpeg 1024w, https:\/\/piek-und-fein.de\/wp-content\/uploads\/2025\/12\/IMG_0905-300x225.jpeg 300w, https:\/\/piek-und-fein.de\/wp-content\/uploads\/2025\/12\/IMG_0905-768x576.jpeg 768w, https:\/\/piek-und-fein.de\/wp-content\/uploads\/2025\/12\/IMG_0905-1536x1152.jpeg 1536w, https:\/\/piek-und-fein.de\/wp-content\/uploads\/2025\/12\/IMG_0905-2048x1536.jpeg 2048w\" sizes=\"auto, (max-width: 1024px) 100vw, 1024px\" \/><\/a><\/figure><\/div>\n\n\n<ul class=\"wp-block-list\">\n<li>Proportionen:<\/li>\n<\/ul>\n\n\n\n<p>Auch bei den Proportionen des Kleides habe ich Abweichungen zwischen der Bebilderung und dem Schnittmuster festgestellt. Tats\u00e4chlich ist das Oberteil im Verh\u00e4ltnis zum Rockteil extrem lang, was auf der technischen Zeichnung nicht erkennbar ist.&nbsp;Die Teilungsnaht mit Gummizug liegt extrem tief. Dadurch ist das Kleid oben zu lang und unten zu kurz. Ich werde den Tunnel um f\u00fcnf Zentimeter nach oben verlegen, um die pludrige Optik rauszunehmen, die sich beim Tragen aus den Stoffmassen im Oberteil ergibt.<\/p>\n\n\n\n<figure class=\"wp-block-image size-full\"><a href=\"https:\/\/piek-und-fein.de\/wp-content\/uploads\/2025\/12\/E37369AA-14D4-47E9-BC26-111F87021991.heic\"><img decoding=\"async\" src=\"https:\/\/piek-und-fein.de\/wp-content\/uploads\/2025\/12\/E37369AA-14D4-47E9-BC26-111F87021991.heic\" alt=\"\" class=\"wp-image-3417\"\/><\/a><figcaption class=\"wp-element-caption\">Verlegung der Teilungsnaht um 5 cm nach oben<\/figcaption><\/figure>\n\n\n\n<ul class=\"wp-block-list\">\n<li>Passform:<\/li>\n<\/ul>\n\n\n\n<p>Der Schnitt f\u00e4llt sehr weit aus. Ich werde bei meinem Seidenkleid von Gr\u00f6\u00dfe 38 auf 36 umsteigen.<\/p>\n\n\n\n<h2 class=\"wp-block-heading\">Fazit<\/h2>\n\n\n\n<p>Ehrlich gesagt hatte ich nicht erwartet, dass mir dieser vermeintlich simple Schnitt so viel Kopfzerbrechen bereitet. Aber mit diesen \u00c4nderungen kann es was werden und der Weg \u00fcber ein Probekleid hat sich bew\u00e4hrt! Ich bin gespannt, was Jeanette (kurz_genaeht) zu dem Schnitt sagt. Wir haben uns n\u00e4mlich beide f\u00fcr das gleiche Modell entschieden.<\/p>\n\n\n\n<p><strong>Einen sch\u00f6nen zweiten Advent! Ich bin gespannt auf die Beitr\u00e4ge beim <a href=\"https:\/\/memademittwoch.blogspot.com\/2025\/12\/wksa2025-zwischenstand-wie-ist-die-lage.html\">MeMadeMittwoch<\/a>!\u00a0<\/strong><\/p>\n\n\n\n<p><strong>Viele Gr\u00fc\u00dfe<\/strong><\/p>\n\n\n\n<p><strong>Eure Julia<\/strong><\/p>\n\n\n\n<p>Der Beitrag enth\u00e4lt unbezahlte Werbung durch Markennennung<\/p>\n","protected":false},"excerpt":{"rendered":"<p>Zweites Treffen beim Weihnachtskleid Sew Along! Mein diesj\u00e4hriges Projekt hatte ich letzte Woche vorgestellt: Ein l\u00e4ssiges Kleid aus dem Burdastyle Weihnachtsheft (12\/2025, Mod. 104), das&#8230;<\/p>\n<div class=\"more-link-wrapper\"><a class=\"more-link\" href=\"https:\/\/piek-und-fein.de\/?p=3409\">Weiterlesen<span class=\"screen-reader-text\">Weihnachtskleid Sew Along &#8211; Zwischenstand<\/span><\/a><\/div>\n","protected":false},"author":1,"featured_media":3412,"comment_status":"open","ping_status":"open","sticky":false,"template":"","format":"standard","meta":{"footnotes":""},"categories":[1],"tags":[40,93,243],"class_list":["post-3409","post","type-post","status-publish","format-standard","has-post-thumbnail","hentry","category-uncategorized","tag-burdastyle","tag-kleid","tag-weihnachtskleid-sew-along","entry"],"_links":{"self":[{"href":"https:\/\/piek-und-fein.de\/index.php?rest_route=\/wp\/v2\/posts\/3409","targetHints":{"allow":["GET"]}}],"collection":[{"href":"https:\/\/piek-und-fein.de\/index.php?rest_route=\/wp\/v2\/posts"}],"about":[{"href":"https:\/\/piek-und-fein.de\/index.php?rest_route=\/wp\/v2\/types\/post"}],"author":[{"embeddable":true,"href":"https:\/\/piek-und-fein.de\/index.php?rest_route=\/wp\/v2\/users\/1"}],"replies":[{"embeddable":true,"href":"https:\/\/piek-und-fein.de\/index.php?rest_route=%2Fwp%2Fv2%2Fcomments&post=3409"}],"version-history":[{"count":5,"href":"https:\/\/piek-und-fein.de\/index.php?rest_route=\/wp\/v2\/posts\/3409\/revisions"}],"predecessor-version":[{"id":3419,"href":"https:\/\/piek-und-fein.de\/index.php?rest_route=\/wp\/v2\/posts\/3409\/revisions\/3419"}],"wp:featuredmedia":[{"embeddable":true,"href":"https:\/\/piek-und-fein.de\/index.php?rest_route=\/wp\/v2\/media\/3412"}],"wp:attachment":[{"href":"https:\/\/piek-und-fein.de\/index.php?rest_route=%2Fwp%2Fv2%2Fmedia&parent=3409"}],"wp:term":[{"taxonomy":"category","embeddable":true,"href":"https:\/\/piek-und-fein.de\/index.php?rest_route=%2Fwp%2Fv2%2Fcategories&post=3409"},{"taxonomy":"post_tag","embeddable":true,"href":"https:\/\/piek-und-fein.de\/index.php?rest_route=%2Fwp%2Fv2%2Ftags&post=3409"}],"curies":[{"name":"wp","href":"https:\/\/api.w.org\/{rel}","templated":true}]}}